{"id":33867,"date":"2018-09-25T21:49:50","date_gmt":"2018-09-26T02:49:50","guid":{"rendered":"http:\/\/elinformanteperu.com\/?p=33867"},"modified":"2018-09-25T21:49:50","modified_gmt":"2018-09-26T02:49:50","slug":"veronika-mendoza-respalda-candidatura-de-guerra-garcia","status":"publish","type":"post","link":"https:\/\/elinformanteperu.com\/index.php\/2018\/09\/25\/veronika-mendoza-respalda-candidatura-de-guerra-garcia\/","title":{"rendered":"Ver\u00f3nika Mendoza respalda candidatura de Guerra Garc\u00eda"},"content":{"rendered":"<p><strong><span style=\"color: #000000;\">La lideresa del movimiento Nuevo Per\u00fa, Ver\u00f3nika Mendoza, respald\u00f3 la candidatura de Gustavo Guerra Garc\u00eda a la alcald\u00eda de Lima.<\/span><\/strong><\/p>\n<p><span style=\"color: #000000;\"><strong>Lima, 25 de Setiembre 2018, (ANDINA).-<\/strong> La lideresa del movimiento Nuevo Per\u00fa, Ver\u00f3nika Mendoza, respald\u00f3 la candidatura de Gustavo Guerra Garc\u00eda a la alcald\u00eda de Lima por el partido Juntos por el Per\u00fa.<\/span><\/p>\n<p><span style=\"color: #000000;\">El respaldo fue manifestado a trav\u00e9s de un video propalado en las redes sociales de Juntos por el Per\u00fa en el cual Mendoza se dirige a los electores lime\u00f1os en quechua.<\/span><\/p>\n<p><span style=\"color: #000000;\">En dicho video, Mendoza considera necesario acabar con la discriminaci\u00f3n que viven medio mill\u00f3n de quechuahablantes en Lima cuando van a una entidad p\u00fablica y no hay nadie que los entienda en su idioma materno.<\/span><\/p>\n<p><span style=\"color: #000000;\">Por ello, la excandidata presidencial propone que todas las entidades p\u00fablicas cuentan con traductores.<\/span><\/p>\n<p><span style=\"color: #000000;\">\u201cEs hora de cambiar esta situaci\u00f3n, de hacer que esta ciudad te escuche y te entienda. Comencemos con traductores en todas las entidades p\u00fablicas\u201d, se\u00f1ala Mendoza en el video para luego afirmar que es hora de hacerlo \u201cjuntos con Gustavo Guerra Garc\u00eda\u201d.<\/span><\/p>\n<p><span style=\"color: #000000;\">En este sentido, el candidato de Juntos por el Per\u00fa, Gustavo Guerra, se comprometi\u00f3 a hacer realidad que las entidades del Municipio de Lima tengan personas que est\u00e9n en capacidad de atender al m\u00e1s de medio de mill\u00f3n de quechuahablantes que viven en la ciudad.<\/span><\/p>\n<p><span style=\"color: #000000;\">Cabe recordar que la ley de lenguas originarias afirma que las personas tienen el derecho a comunicarse en su lengua originaria, tanto en las entidades p\u00fablicas como privadas.<\/span><\/p>\n<p><span style=\"color: #000000;\">Sin embargo, muchas entidades p\u00fablicas no cumplen con esta disposici\u00f3n, entre ellas la Municipalidad de Lima.<\/span><\/p>\n<p>https:\/\/www.facebook.com\/GustavoGuerraGarcia\/videos\/554567661646074\/<\/p>\n","protected":false},"excerpt":{"rendered":"<p>La lideresa del movimiento Nuevo Per\u00fa, Ver\u00f3nika Mendoza, respald\u00f3 la candidatura de Gustavo Guerra Garc\u00eda a la alcald\u00eda de Lima. Lima, 25 de Setiembre 2018, (ANDINA).- La lideresa del movimiento Nuevo Per\u00fa, Ver\u00f3nika Mendoza, respald\u00f3 la candidatura de Gustavo Guerra Garc\u00eda a la alcald\u00eda de Lima por el partido Juntos por el Per\u00fa. El respaldo [&hellip;]<\/p>\n","protected":false},"author":1,"featured_media":33869,"comment_status":"open","ping_status":"open","sticky":false,"template":"","format":"standard","meta":{"rop_custom_images_group":[],"rop_custom_messages_group":[],"rop_publish_now":"initial","rop_publish_now_accounts":[],"rop_publish_now_history":[],"rop_publish_now_status":"pending","footnotes":""},"categories":[5],"tags":[2470,446,442],"class_list":["post-33867","post","type-post","status-publish","format-standard","has-post-thumbnail","hentry","category-actualidad-informativa","tag-gustavo-guerra-garcia","tag-nuevo-peru","tag-veronika-mendoza"],"_links":{"self":[{"href":"https:\/\/elinformanteperu.com\/index.php\/wp-json\/wp\/v2\/posts\/33867","targetHints":{"allow":["GET"]}}],"collection":[{"href":"https:\/\/elinformanteperu.com\/index.php\/wp-json\/wp\/v2\/posts"}],"about":[{"href":"https:\/\/elinformanteperu.com\/index.php\/wp-json\/wp\/v2\/types\/post"}],"author":[{"embeddable":true,"href":"https:\/\/elinformanteperu.com\/index.php\/wp-json\/wp\/v2\/users\/1"}],"replies":[{"embeddable":true,"href":"https:\/\/elinformanteperu.com\/index.php\/wp-json\/wp\/v2\/comments?post=33867"}],"version-history":[{"count":1,"href":"https:\/\/elinformanteperu.com\/index.php\/wp-json\/wp\/v2\/posts\/33867\/revisions"}],"predecessor-version":[{"id":33870,"href":"https:\/\/elinformanteperu.com\/index.php\/wp-json\/wp\/v2\/posts\/33867\/revisions\/33870"}],"wp:featuredmedia":[{"embeddable":true,"href":"https:\/\/elinformanteperu.com\/index.php\/wp-json\/wp\/v2\/media\/33869"}],"wp:attachment":[{"href":"https:\/\/elinformanteperu.com\/index.php\/wp-json\/wp\/v2\/media?parent=33867"}],"wp:term":[{"taxonomy":"category","embeddable":true,"href":"https:\/\/elinformanteperu.com\/index.php\/wp-json\/wp\/v2\/categories?post=33867"},{"taxonomy":"post_tag","embeddable":true,"href":"https:\/\/elinformanteperu.com\/index.php\/wp-json\/wp\/v2\/tags?post=33867"}],"curies":[{"name":"wp","href":"https:\/\/api.w.org\/{rel}","templated":true}]}}