{"id":33746,"date":"2018-09-24T23:09:16","date_gmt":"2018-09-25T04:09:16","guid":{"rendered":"http:\/\/elinformanteperu.com\/?p=33746"},"modified":"2018-09-24T23:09:16","modified_gmt":"2018-09-25T04:09:16","slug":"congreso-honrara-compromiso-sobre-reformas-asumido-con-el-pueblo","status":"publish","type":"post","link":"https:\/\/elinformanteperu.com\/index.php\/2018\/09\/24\/congreso-honrara-compromiso-sobre-reformas-asumido-con-el-pueblo\/","title":{"rendered":"Congreso honrar\u00e1 compromiso sobre reformas asumido con el pueblo"},"content":{"rendered":"<p><strong><span style=\"color: #000000;\">El presidente del Congreso, Daniel Salaverry, afirm\u00f3 que le corresponde al Poder Legislativo honrar el compromiso asumido con el pueblo peruano.<\/span><\/strong><\/p>\n<p><span style=\"color: #000000;\"><strong>Lima, 24 de Setiembre 2018, (ANDINA).-<\/strong> El presidente del Congreso, Daniel Salaverry, afirm\u00f3 que le corresponde al Poder Legislativo honrar el compromiso asumido con el pueblo peruano, al referirse al plazo establecido para sacar adelante las reformas judiciales y al sistema pol\u00edtico.<\/span><\/p>\n<p><span style=\"color: #000000;\">\u201cEstamos avanzando. Ya quedan 10 d\u00edas para cumplir con el compromiso que hemos asumido desde el Congreso con la poblaci\u00f3n para tener listos estos cuatro proyectos. Tenemos que honrar ese compromiso\u201d, insisti\u00f3 Salaverry.<\/span><\/p>\n<p><span style=\"color: #000000;\">Por esa raz\u00f3n, el titular del Congreso invoc\u00f3 a los integrantes de la Comisi\u00f3n de Constituci\u00f3n y Reglamento, a dictaminar los temas pendientes como son la bicameralidad, la no reelecci\u00f3n de legisladores y el financiamiento de los partidos pol\u00edticos.<\/span><\/p>\n<p><span style=\"color: #000000;\">\u201cYo espero que la Comisi\u00f3n de Constituci\u00f3n pueda avanzar esta semana, y antes del d\u00eda 4 (de octubre), es decir los d\u00edas 1 o 2, pueda tener listo los dict\u00e1menes para poder convocar al Pleno y aprobar estoy proyectos de ley tan importantes y anhelados por la ciudadan\u00eda\u201d, manifest\u00f3 Salaverry.<\/span><\/p>\n<p><span style=\"color: #000000;\">El titular del Legislativo confirm\u00f3 que este martes 25 y el mi\u00e9rcoles 26 se reunir\u00e1n el Consejo Directivo y el Pleno del Congreso, a las 15:00 horas y 09:00 horas, respectivamente.<\/span><\/p>\n<p><span style=\"color: #000000;\">Inform\u00f3 adem\u00e1s que el jueves 27 probablemente convoque a la Comisi\u00f3n Permanente, si es que hoy lunes llega a su despacho el informe de la Subcomisi\u00f3n de Acusaciones Constitucionales respecto al caso del suspendido magistrado C\u00e9sar Hinostroza y los exmiembros del Consejo Nacional de la Magistratura (CNM).<\/span><\/p>\n<p><span style=\"color: #000000;\">Agreg\u00f3 que este viernes podr\u00eda citarse a otra sesi\u00f3n plenaria en el caso que la Comisi\u00f3n de Constituci\u00f3n y Reglamento alcance alg\u00fan dictamen referido a las reformas constitucionales.<\/span><\/p>\n","protected":false},"excerpt":{"rendered":"<p>El presidente del Congreso, Daniel Salaverry, afirm\u00f3 que le corresponde al Poder Legislativo honrar el compromiso asumido con el pueblo peruano. Lima, 24 de Setiembre 2018, (ANDINA).- El presidente del Congreso, Daniel Salaverry, afirm\u00f3 que le corresponde al Poder Legislativo honrar el compromiso asumido con el pueblo peruano, al referirse al plazo establecido para sacar [&hellip;]<\/p>\n","protected":false},"author":1,"featured_media":33215,"comment_status":"open","ping_status":"open","sticky":false,"template":"","format":"standard","meta":{"rop_custom_images_group":[],"rop_custom_messages_group":[],"rop_publish_now":"initial","rop_publish_now_accounts":[],"rop_publish_now_history":[],"rop_publish_now_status":"pending","footnotes":""},"categories":[5],"tags":[192,858,1421,3451],"class_list":["post-33746","post","type-post","status-publish","format-standard","has-post-thumbnail","hentry","category-actualidad-informativa","tag-congreso","tag-daniel-salaverry","tag-poder-ejecutivo","tag-referendum"],"_links":{"self":[{"href":"https:\/\/elinformanteperu.com\/index.php\/wp-json\/wp\/v2\/posts\/33746","targetHints":{"allow":["GET"]}}],"collection":[{"href":"https:\/\/elinformanteperu.com\/index.php\/wp-json\/wp\/v2\/posts"}],"about":[{"href":"https:\/\/elinformanteperu.com\/index.php\/wp-json\/wp\/v2\/types\/post"}],"author":[{"embeddable":true,"href":"https:\/\/elinformanteperu.com\/index.php\/wp-json\/wp\/v2\/users\/1"}],"replies":[{"embeddable":true,"href":"https:\/\/elinformanteperu.com\/index.php\/wp-json\/wp\/v2\/comments?post=33746"}],"version-history":[{"count":1,"href":"https:\/\/elinformanteperu.com\/index.php\/wp-json\/wp\/v2\/posts\/33746\/revisions"}],"predecessor-version":[{"id":33748,"href":"https:\/\/elinformanteperu.com\/index.php\/wp-json\/wp\/v2\/posts\/33746\/revisions\/33748"}],"wp:featuredmedia":[{"embeddable":true,"href":"https:\/\/elinformanteperu.com\/index.php\/wp-json\/wp\/v2\/media\/33215"}],"wp:attachment":[{"href":"https:\/\/elinformanteperu.com\/index.php\/wp-json\/wp\/v2\/media?parent=33746"}],"wp:term":[{"taxonomy":"category","embeddable":true,"href":"https:\/\/elinformanteperu.com\/index.php\/wp-json\/wp\/v2\/categories?post=33746"},{"taxonomy":"post_tag","embeddable":true,"href":"https:\/\/elinformanteperu.com\/index.php\/wp-json\/wp\/v2\/tags?post=33746"}],"curies":[{"name":"wp","href":"https:\/\/api.w.org\/{rel}","templated":true}]}}