{"id":33739,"date":"2018-09-24T22:57:54","date_gmt":"2018-09-25T03:57:54","guid":{"rendered":"http:\/\/elinformanteperu.com\/?p=33739"},"modified":"2018-09-24T22:57:54","modified_gmt":"2018-09-25T03:57:54","slug":"aseguran-que-remuneracion-del-presidente-vizcarra-no-ha-tenido-incremento","status":"publish","type":"post","link":"https:\/\/elinformanteperu.com\/index.php\/2018\/09\/24\/aseguran-que-remuneracion-del-presidente-vizcarra-no-ha-tenido-incremento\/","title":{"rendered":"Aseguran que remuneraci\u00f3n del presidente Vizcarra no ha tenido incremento"},"content":{"rendered":"<p><strong><span style=\"color: #000000;\">El Despacho Presidencial descart\u00f3 un incremento en la remuneraci\u00f3n del presidente Martin Vizcarra, monto que no ha sufrido ninguna modificaci\u00f3n desde el 23 de marzo.<\/span><\/strong><\/p>\n<p><span style=\"color: #000000;\"><strong>Lima, 24 de Setiembre 2018, (ANDINA).-<\/strong> El Despacho Presidencial descart\u00f3 un incremento en la remuneraci\u00f3n del presidente Martin Vizcarra, monto que no ha sufrido ninguna modificaci\u00f3n desde el 23 de marzo, fecha en que asumi\u00f3 sus funciones.<\/span><\/p>\n<p><span style=\"color: #000000;\">\u201cSe desmiente categ\u00f3ricamente que se haya procedido al aumento del sueldo del presidente de la Rep\u00fablica, Mart\u00edn Vizcarra Cornejo\u201d, indica el Despacho Presidencial en un comunicado.<\/span><\/p>\n<p><span style=\"color: #000000;\">Precisa tambi\u00e9n que la esposa del jefe de Estado, Maribel D\u00edaz Cabello, viaj\u00f3 a Nueva York, Estados Unidos, como parte de la comitiva que acompa\u00f1a al presidente Vizcarra con ocasi\u00f3n del 73\u00b0 Periodo Ordinario de Sesiones de la Asamblea General de las Naciones Unidas.<\/span><\/p>\n<p><span style=\"color: #000000;\">Como integrante de la comitiva, corresponde a la Primera Dama la asignaci\u00f3n de vi\u00e1ticos, al igual que a los dem\u00e1s integrantes de la comitiva, de acuerdo a la Ley 27619, Decreto Supremo 047-2002-PCM y la Resoluci\u00f3n Ministerial N\u00b0 255-2002-PCM.<\/span><\/p>\n<p><span style=\"color: #000000;\">\u201cSin embargo, es conveniente indicar que la se\u00f1ora D\u00edaz Cabello, ha solicitado de manera expresa, que no se realice el desembolso de recursos, por lo que nunca ha recibido pago alguno por concepto de vi\u00e1ticos\u201d, asegura el comunicado.<\/span><\/p>\n<p><span style=\"color: #000000;\">Se\u00f1ala tambi\u00e9n que la Primera Dama respalda plenamente la pol\u00edtica de austeridad del Gobierno y precisa que su labor est\u00e1 enmarcada en la Oficina de Apoyo al C\u00f3nyuge del presidente de la Rep\u00fablica.<\/span><\/p>\n<p><span style=\"color: #000000;\">\u201cDe esta manera, se rechaza todo tipo de mensajes y contenidos que busquen desinformar a la opini\u00f3n p\u00fablica y pongan en tela de juicio la veracidad de los procedimientos administrativos que se llevan a cabo en el Despacho Presidencial\u201d, concluye.<\/span><\/p>\n","protected":false},"excerpt":{"rendered":"<p>El Despacho Presidencial descart\u00f3 un incremento en la remuneraci\u00f3n del presidente Martin Vizcarra, monto que no ha sufrido ninguna modificaci\u00f3n desde el 23 de marzo. Lima, 24 de Setiembre 2018, (ANDINA).- El Despacho Presidencial descart\u00f3 un incremento en la remuneraci\u00f3n del presidente Martin Vizcarra, monto que no ha sufrido ninguna modificaci\u00f3n desde el 23 de [&hellip;]<\/p>\n","protected":false},"author":1,"featured_media":32818,"comment_status":"open","ping_status":"open","sticky":false,"template":"","format":"standard","meta":{"rop_custom_images_group":[],"rop_custom_messages_group":[],"rop_publish_now":"initial","rop_publish_now_accounts":[],"rop_publish_now_history":[],"rop_publish_now_status":"pending","footnotes":""},"categories":[5],"tags":[289,189],"class_list":["post-33739","post","type-post","status-publish","format-standard","has-post-thumbnail","hentry","category-actualidad-informativa","tag-martin-vizcarra","tag-pcm"],"_links":{"self":[{"href":"https:\/\/elinformanteperu.com\/index.php\/wp-json\/wp\/v2\/posts\/33739","targetHints":{"allow":["GET"]}}],"collection":[{"href":"https:\/\/elinformanteperu.com\/index.php\/wp-json\/wp\/v2\/posts"}],"about":[{"href":"https:\/\/elinformanteperu.com\/index.php\/wp-json\/wp\/v2\/types\/post"}],"author":[{"embeddable":true,"href":"https:\/\/elinformanteperu.com\/index.php\/wp-json\/wp\/v2\/users\/1"}],"replies":[{"embeddable":true,"href":"https:\/\/elinformanteperu.com\/index.php\/wp-json\/wp\/v2\/comments?post=33739"}],"version-history":[{"count":1,"href":"https:\/\/elinformanteperu.com\/index.php\/wp-json\/wp\/v2\/posts\/33739\/revisions"}],"predecessor-version":[{"id":33741,"href":"https:\/\/elinformanteperu.com\/index.php\/wp-json\/wp\/v2\/posts\/33739\/revisions\/33741"}],"wp:featuredmedia":[{"embeddable":true,"href":"https:\/\/elinformanteperu.com\/index.php\/wp-json\/wp\/v2\/media\/32818"}],"wp:attachment":[{"href":"https:\/\/elinformanteperu.com\/index.php\/wp-json\/wp\/v2\/media?parent=33739"}],"wp:term":[{"taxonomy":"category","embeddable":true,"href":"https:\/\/elinformanteperu.com\/index.php\/wp-json\/wp\/v2\/categories?post=33739"},{"taxonomy":"post_tag","embeddable":true,"href":"https:\/\/elinformanteperu.com\/index.php\/wp-json\/wp\/v2\/tags?post=33739"}],"curies":[{"name":"wp","href":"https:\/\/api.w.org\/{rel}","templated":true}]}}