{"id":33551,"date":"2018-09-22T11:57:29","date_gmt":"2018-09-22T16:57:29","guid":{"rendered":"http:\/\/elinformanteperu.com\/?p=33551"},"modified":"2018-09-22T11:57:29","modified_gmt":"2018-09-22T16:57:29","slug":"comienza-festival-internacional-de-cine-de-san-sebastian","status":"publish","type":"post","link":"https:\/\/elinformanteperu.com\/index.php\/2018\/09\/22\/comienza-festival-internacional-de-cine-de-san-sebastian\/","title":{"rendered":"Comienza Festival Internacional de Cine de San Sebasti\u00e1n"},"content":{"rendered":"<p><strong><span style=\"color: #000000;\">La edici\u00f3n 66 del Festival Internacional de Cine de San Sebasti\u00e1n comienza con la exhibici\u00f3n de la pel\u00edcula &#8216;El amor menos pensado&#8217;, protagonizada por Ricardo Dar\u00edn.<\/span><\/strong><\/p>\n<p><span style=\"color: #000000;\"><strong>San Sebasti\u00e1n, Espa\u00f1a, 22 de Setiembre 2018, (PL).-<\/strong> La edici\u00f3n 66 del Festival Internacional de Cine de San Sebasti\u00e1n comienza aqu\u00ed con la exhibici\u00f3n de la pel\u00edcula &#8216;El amor menos pensado&#8217;, protagonizada por el consagrado actor Ricardo Dar\u00edn.<\/span><\/p>\n<p><span style=\"color: #000000;\">El certamen iniciar\u00e1 con la entrega del premio de la Federaci\u00f3n Internacional de la Prensa Cinematogr\u00e1fica (Fipresci), que por tercera ocasi\u00f3n recae en Paul Thomas Anderson, director, guionista y productor de cine estadounidense.<\/span><\/p>\n<p><span style=\"color: #000000;\">Durante esta edici\u00f3n tambi\u00e9n se conceder\u00e1n tres premios Donostia -galard\u00f3n honor\u00edfico creado en 1986 y otorgado anualmente a uno, dos o varios actores-, este a\u00f1o para Danny de Vito (Estados Unidos) y a la tambi\u00e9n escritora Judi Dench (Reino Unido), a quien se le recuerda por su actuaci\u00f3n en papeles como Macbeth o Hamlet.<\/span><\/p>\n<p><span style=\"color: #000000;\">El director japon\u00e9s Hirokazu Koreeda recibir\u00e1 igualmente el trofeo de honor en la velada.<\/span><\/p>\n<p><span style=\"color: #000000;\">A la muestra acudir\u00e1 el actor y exmodelo estadounidense Bradley Cooper para presentar su \u00f3pera prima A star is born (Ha nacido una estrella), una producci\u00f3n que est\u00e1 fuera de concurso; mientras, Ryan Gosling vendr\u00e1 con el filme First man, del guionista Damein Chazelle, vista anteriormente en el Festival de Venecia.<\/span><\/p>\n<p><span style=\"color: #000000;\">En la secci\u00f3n oficial, Espa\u00f1a estar\u00e1 representada por las cintas Yuli, de Ic\u00edar Bolla\u00edn; Qui\u00e9n te cantar\u00e1, de Carlos Vermut; Entre dos aguas, de Isaki Lacuesta, y El Reino, de Rodrigo Sorogoyen.<\/span><\/p>\n<p><span style=\"color: #000000;\">La productora espa\u00f1ola Esther Garc\u00eda recoger\u00e1 el Premio Nacional de Cinematograf\u00eda.<\/span><\/p>\n<p><span style=\"color: #000000;\">Otros nombres sobresalen en este primer d\u00eda del evento como los de las francesas Juliette Binoche y Laetitia Casta y el del brit\u00e1nico Robert Pattinson, adem\u00e1s de los directores Alfonso Cuar\u00f3n (M\u00e9xico), Bruno Dumont (Francia) o Brillante Mendoza, (Filipinas).<\/span><\/p>\n<p><span style=\"color: #000000;\">El Festival Internacional de Cine de San Sebasti\u00e1n concluir\u00e1 el s\u00e1bado 29 de septiembre.<\/span><\/p>\n<p><iframe title=\"El Amor Menos Pensado | Trailer Oficial | Patagonik\" width=\"615\" height=\"346\" src=\"https:\/\/www.youtube.com\/embed\/kNvnuCT9Q9w?feature=oembed\" frameborder=\"0\" allow=\"accelerometer; autoplay; clipboard-write; encrypted-media; gyroscope; picture-in-picture; web-share\" referrerpolicy=\"strict-origin-when-cross-origin\" allowfullscreen><\/iframe><\/p>\n","protected":false},"excerpt":{"rendered":"<p>La edici\u00f3n 66 del Festival Internacional de Cine de San Sebasti\u00e1n comienza con la exhibici\u00f3n de la pel\u00edcula &#8216;El amor menos pensado&#8217;, protagonizada por Ricardo Dar\u00edn. San Sebasti\u00e1n, Espa\u00f1a, 22 de Setiembre 2018, (PL).- La edici\u00f3n 66 del Festival Internacional de Cine de San Sebasti\u00e1n comienza aqu\u00ed con la exhibici\u00f3n de la pel\u00edcula &#8216;El amor [&hellip;]<\/p>\n","protected":false},"author":1,"featured_media":13945,"comment_status":"open","ping_status":"open","sticky":false,"template":"","format":"standard","meta":{"rop_custom_images_group":[],"rop_custom_messages_group":[],"rop_publish_now":"initial","rop_publish_now_accounts":[],"rop_publish_now_history":[],"rop_publish_now_status":"pending","footnotes":""},"categories":[7],"tags":[3536,2058],"class_list":["post-33551","post","type-post","status-publish","format-standard","has-post-thumbnail","hentry","category-butaca","tag-festival-de-san-sebastian-2018","tag-san-sebastian-2017"],"_links":{"self":[{"href":"https:\/\/elinformanteperu.com\/index.php\/wp-json\/wp\/v2\/posts\/33551","targetHints":{"allow":["GET"]}}],"collection":[{"href":"https:\/\/elinformanteperu.com\/index.php\/wp-json\/wp\/v2\/posts"}],"about":[{"href":"https:\/\/elinformanteperu.com\/index.php\/wp-json\/wp\/v2\/types\/post"}],"author":[{"embeddable":true,"href":"https:\/\/elinformanteperu.com\/index.php\/wp-json\/wp\/v2\/users\/1"}],"replies":[{"embeddable":true,"href":"https:\/\/elinformanteperu.com\/index.php\/wp-json\/wp\/v2\/comments?post=33551"}],"version-history":[{"count":1,"href":"https:\/\/elinformanteperu.com\/index.php\/wp-json\/wp\/v2\/posts\/33551\/revisions"}],"predecessor-version":[{"id":33553,"href":"https:\/\/elinformanteperu.com\/index.php\/wp-json\/wp\/v2\/posts\/33551\/revisions\/33553"}],"wp:featuredmedia":[{"embeddable":true,"href":"https:\/\/elinformanteperu.com\/index.php\/wp-json\/wp\/v2\/media\/13945"}],"wp:attachment":[{"href":"https:\/\/elinformanteperu.com\/index.php\/wp-json\/wp\/v2\/media?parent=33551"}],"wp:term":[{"taxonomy":"category","embeddable":true,"href":"https:\/\/elinformanteperu.com\/index.php\/wp-json\/wp\/v2\/categories?post=33551"},{"taxonomy":"post_tag","embeddable":true,"href":"https:\/\/elinformanteperu.com\/index.php\/wp-json\/wp\/v2\/tags?post=33551"}],"curies":[{"name":"wp","href":"https:\/\/api.w.org\/{rel}","templated":true}]}}