{"id":3355,"date":"2016-12-28T02:04:28","date_gmt":"2016-12-28T07:04:28","guid":{"rendered":"http:\/\/elinformanteperu.com\/?p=3355"},"modified":"2016-12-28T02:04:28","modified_gmt":"2016-12-28T07:04:28","slug":"thorne-somos-el-primer-gobierno-que-atiende-a-clase-media-y-emprendedores","status":"publish","type":"post","link":"https:\/\/elinformanteperu.com\/index.php\/2016\/12\/28\/thorne-somos-el-primer-gobierno-que-atiende-a-clase-media-y-emprendedores\/","title":{"rendered":"Thorne: Somos el primer gobierno que atiende a clase media y emprendedores"},"content":{"rendered":"<p><strong>El ministro de Econom\u00eda y Finanzas, Alfredo Thorne, se\u00f1al\u00f3 que el gobierno del presidente Pedro Pablo Kuczynski es el primero en atender a la clase media.<\/strong><\/p>\n<p><strong>Lima, 27 Diciembre 2016, (ANDINA).-<\/strong> El ministro de Econom\u00eda y Finanzas, Alfredo Thorne, se\u00f1al\u00f3 que el gobierno del presidente Pedro Pablo Kuczynski es el primero en atender a la clase media y a los emprendedores del pa\u00eds, para lo cual han emitido una serie de decretos legislativos.<\/p>\n<p>\u201cSomos el primer gobierno que est\u00e1 atendiendo a la clase media, estamos dirigiendo nuestra pol\u00edtica econ\u00f3mica a la clase emprendedora del pa\u00eds y a la formalizaci\u00f3n del peque\u00f1o y mediano empresario\u201d, subray\u00f3.<\/p>\n<p>Refiri\u00f3 que se est\u00e1 dando un gran empuje a la inversi\u00f3n en infraestructura, para lo cual se han publicado tres decretos legislativos y, conjuntamente con la formalizaci\u00f3n, se dar\u00e1 un gran empuje al crecimiento econ\u00f3mico.<\/p>\n<p>R\u00e9gimen tributario mype<br \/>\nEn el campo de la micro y peque\u00f1a empresa (mype) refiri\u00f3 que se ha creado un nuevo r\u00e9gimen tributario, en la cual solo se paga 10% de Impuesto a la Renta (IR), mientras que la gran empresa pagar\u00e1 29.5%.<\/p>\n<p>Indic\u00f3 que la gran empresa pagar\u00e1 en promedio una tasa efectiva de 33% de IR, debido a la combinaci\u00f3n de IR m\u00e1s los impuestos a los dividendos.<\/p>\n<p>Precis\u00f3 que la peque\u00f1a empresa va a pagar 10% para facturaciones de hasta 1,200 Unidades Impositivas Tributarias (UIT) y luego se aplican combinaciones de tasas, y la idea es que conforme la peque\u00f1a empresa crezca, pague m\u00e1s.<\/p>\n<p>Asimismo, se\u00f1al\u00f3 que se ha simplificado v\u00eda la Sunat la determinaci\u00f3n de las utilidades de las peque\u00f1as empresas, que ahora se calcula sobre ingresos menos compras.<\/p>\n<p>Tambi\u00e9n refiri\u00f3 que el R\u00e9gimen \u00danico Simplificado (RUS) ya no tiene seis escalas, sino que se ha comprimido a tres, que van hasta ventas por 96,000 soles anuales.<\/p>\n<p>En el caso del R\u00e9gimen Especial del Impuesto a la Renta (RER), refiri\u00f3 que se ha dejado \u201ctal cual\u201d est\u00e1, y en este r\u00e9gimen se paga el IGV m\u00e1s un porcentaje a cuenta del IR.<\/p>\n<p>Borr\u00f3n y cuenta nueva<br \/>\nOtra de las acciones que se han emprendido a favor de las mypes es que las deudas que ten\u00edan judicializadas por menos de una UIT (4,050 soles, para el 2017) \u201chay un borr\u00f3n y cuenta nueva\u201d, pues ese hecho afectaba \u201ca much\u00edsimas empresas\u201d que no quer\u00edan formalizarse por temor a los cobros de moras y multas.<\/p>\n<p>Para las deudas superiores a una UIT hay un descuento que va desde el 90% para las deudas m\u00e1s peque\u00f1as y a las grandes se les descuenta una menor cantidad.<\/p>\n<p>\u201cLa idea es obviamente no generar un incentivo para que los grandes deudores de la Sunat no se salgan con la suya\u201d, precis\u00f3 a radio Exitosa.<\/p>\n<p>Tambi\u00e9n anunci\u00f3 que se encuentran elaborando un programa de cr\u00e9ditos con los cuatro bancos que tiene el Estado: Mivivienda, Cofide, Banco de la Naci\u00f3n y Banco Agrario para hacer una \u201cgran revoluci\u00f3n crediticia\u201d<\/p>\n<p>\u201cEso sale pronto, no necesitamos decretos\u201d, asegur\u00f3.<\/p>\n","protected":false},"excerpt":{"rendered":"<p>El ministro de Econom\u00eda y Finanzas, Alfredo Thorne, se\u00f1al\u00f3 que el gobierno del presidente Pedro Pablo Kuczynski es el primero en atender a la clase media. Lima, 27 Diciembre 2016, (ANDINA).- El ministro de Econom\u00eda y Finanzas, Alfredo Thorne, se\u00f1al\u00f3 que el gobierno del presidente Pedro Pablo Kuczynski es el primero en atender a la [&hellip;]<\/p>\n","protected":false},"author":1,"featured_media":3356,"comment_status":"open","ping_status":"open","sticky":false,"template":"","format":"standard","meta":{"rop_custom_images_group":[],"rop_custom_messages_group":[],"rop_publish_now":"initial","rop_publish_now_accounts":[],"rop_publish_now_history":[],"rop_publish_now_status":"pending","footnotes":""},"categories":[5],"tags":[316,315,314,74],"class_list":["post-3355","post","type-post","status-publish","format-standard","has-post-thumbnail","hentry","category-actualidad-informativa","tag-alfredo-thorne","tag-mef","tag-ministerio-de-economia-y-finanzas","tag-pedro-pablo-kuczynski"],"_links":{"self":[{"href":"https:\/\/elinformanteperu.com\/index.php\/wp-json\/wp\/v2\/posts\/3355","targetHints":{"allow":["GET"]}}],"collection":[{"href":"https:\/\/elinformanteperu.com\/index.php\/wp-json\/wp\/v2\/posts"}],"about":[{"href":"https:\/\/elinformanteperu.com\/index.php\/wp-json\/wp\/v2\/types\/post"}],"author":[{"embeddable":true,"href":"https:\/\/elinformanteperu.com\/index.php\/wp-json\/wp\/v2\/users\/1"}],"replies":[{"embeddable":true,"href":"https:\/\/elinformanteperu.com\/index.php\/wp-json\/wp\/v2\/comments?post=3355"}],"version-history":[{"count":1,"href":"https:\/\/elinformanteperu.com\/index.php\/wp-json\/wp\/v2\/posts\/3355\/revisions"}],"predecessor-version":[{"id":3357,"href":"https:\/\/elinformanteperu.com\/index.php\/wp-json\/wp\/v2\/posts\/3355\/revisions\/3357"}],"wp:featuredmedia":[{"embeddable":true,"href":"https:\/\/elinformanteperu.com\/index.php\/wp-json\/wp\/v2\/media\/3356"}],"wp:attachment":[{"href":"https:\/\/elinformanteperu.com\/index.php\/wp-json\/wp\/v2\/media?parent=3355"}],"wp:term":[{"taxonomy":"category","embeddable":true,"href":"https:\/\/elinformanteperu.com\/index.php\/wp-json\/wp\/v2\/categories?post=3355"},{"taxonomy":"post_tag","embeddable":true,"href":"https:\/\/elinformanteperu.com\/index.php\/wp-json\/wp\/v2\/tags?post=3355"}],"curies":[{"name":"wp","href":"https:\/\/api.w.org\/{rel}","templated":true}]}}