{"id":33275,"date":"2018-09-18T19:37:16","date_gmt":"2018-09-19T00:37:16","guid":{"rendered":"http:\/\/elinformanteperu.com\/?p=33275"},"modified":"2018-09-18T19:37:16","modified_gmt":"2018-09-19T00:37:16","slug":"mundial-sub-17-vea-el-video-promocional-del-certamen-que-se-realizara-en-el-peru","status":"publish","type":"post","link":"https:\/\/elinformanteperu.com\/index.php\/2018\/09\/18\/mundial-sub-17-vea-el-video-promocional-del-certamen-que-se-realizara-en-el-peru\/","title":{"rendered":"Mundial Sub-17: vea el video promocional del certamen que se realizar\u00e1 en el Per\u00fa"},"content":{"rendered":"<p><strong><span style=\"color: #000000;\">La Federaci\u00f3n Peruana de F\u00fatbol (FPF) lanz\u00f3 un video para promocionar la realizaci\u00f3n del Mundial del F\u00fatbol Sub-17 que se realizar\u00e1 el pr\u00f3ximo a\u00f1o en el Per\u00fa.<\/span><\/strong><\/p>\n<p><span style=\"color: #000000;\"><strong>Lima, 18 de Setiembre 2018, (ANDINA).-<\/strong> La Federaci\u00f3n Peruana de F\u00fatbol (FPF) lanz\u00f3 un video para promocionar la realizaci\u00f3n del Mundial del F\u00fatbol Sub-17 que se realizar\u00e1 el pr\u00f3ximo a\u00f1o en el Per\u00fa.<\/span><\/p>\n<p><span style=\"color: #000000;\">\u201cLos peruanos ya demostramos que podemos unirnos para llegar a un mundial. Hoy tenemos un nuevo reto: organizar un mundial y ponernos en los ojos del mundo\u201d, son algunas de las palabras simb\u00f3licas que se pueden escuchar en el video, el cual fue acompa\u00f1ado por seguidores de la Blanquirroja, vistiendo los colores representativos.<\/span><\/p>\n<p><span style=\"color: #000000;\">La Federaci\u00f3n Peruana de F\u00fatbol tiene como frase principal de su campa\u00f1a: \u201cEl Mundial es nuestro\u201d, el cual ha sido compartido como \u00abhashtag\u00bb por los cibernautas.<\/span><\/p>\n<p><span style=\"color: #000000;\">A pesar de que el Mundial de la categor\u00eda todav\u00eda es el pr\u00f3ximo a\u00f1o, los directivos contin\u00faan su labor con total responsabilidad para dejar todo listo y no tener inconvenientes.<\/span><\/p>\n<p><span style=\"color: #000000;\">Incluso, una de las delegaciones t\u00e9cnicas de la FIFA y la Federaci\u00f3n Peruana de F\u00fatbol (FPF) habr\u00eda inspeccionado el estadio 25 de Noviembre, del departamento de Moquegua, que ser\u00e1 una las sedes donde se llevar\u00e1n a cabo partidos del certamen.<\/span><\/p>\n<p><span style=\"color: #000000;\">Despu\u00e9s de 14 a\u00f1os, Per\u00fa volver\u00e1 a ser sede del Mundial de F\u00fatbol Sub-17. En esta oportunidad existe el compromiso de realizar el mejor certamen de la categor\u00eda. Se plantea que se dispute de setiembre a octubre del pr\u00f3ximo a\u00f1o. Los encuentros se jugar\u00edan en seis o siete sedes.<\/span><\/p>\n<p><iframe title=\"Copa Mundial FIFA Sub 17 Per\u00fa 2019\" width=\"615\" height=\"346\" src=\"https:\/\/www.youtube.com\/embed\/L9z36O9wwJg?feature=oembed\" frameborder=\"0\" allow=\"accelerometer; autoplay; clipboard-write; encrypted-media; gyroscope; picture-in-picture; web-share\" referrerpolicy=\"strict-origin-when-cross-origin\" allowfullscreen><\/iframe><\/p>\n","protected":false},"excerpt":{"rendered":"<p>La Federaci\u00f3n Peruana de F\u00fatbol (FPF) lanz\u00f3 un video para promocionar la realizaci\u00f3n del Mundial del F\u00fatbol Sub-17 que se realizar\u00e1 el pr\u00f3ximo a\u00f1o en el Per\u00fa. Lima, 18 de Setiembre 2018, (ANDINA).- La Federaci\u00f3n Peruana de F\u00fatbol (FPF) lanz\u00f3 un video para promocionar la realizaci\u00f3n del Mundial del F\u00fatbol Sub-17 que se realizar\u00e1 el [&hellip;]<\/p>\n","protected":false},"author":1,"featured_media":33277,"comment_status":"open","ping_status":"open","sticky":false,"template":"","format":"standard","meta":{"rop_custom_images_group":[],"rop_custom_messages_group":[],"rop_publish_now":"initial","rop_publish_now_accounts":[],"rop_publish_now_history":[],"rop_publish_now_status":"pending","footnotes":""},"categories":[8],"tags":[204,3551],"class_list":["post-33275","post","type-post","status-publish","format-standard","has-post-thumbnail","hentry","category-disciplinas-deportivas","tag-federacion-peruana-de-futbol","tag-mundial-2019-sub-17"],"_links":{"self":[{"href":"https:\/\/elinformanteperu.com\/index.php\/wp-json\/wp\/v2\/posts\/33275","targetHints":{"allow":["GET"]}}],"collection":[{"href":"https:\/\/elinformanteperu.com\/index.php\/wp-json\/wp\/v2\/posts"}],"about":[{"href":"https:\/\/elinformanteperu.com\/index.php\/wp-json\/wp\/v2\/types\/post"}],"author":[{"embeddable":true,"href":"https:\/\/elinformanteperu.com\/index.php\/wp-json\/wp\/v2\/users\/1"}],"replies":[{"embeddable":true,"href":"https:\/\/elinformanteperu.com\/index.php\/wp-json\/wp\/v2\/comments?post=33275"}],"version-history":[{"count":1,"href":"https:\/\/elinformanteperu.com\/index.php\/wp-json\/wp\/v2\/posts\/33275\/revisions"}],"predecessor-version":[{"id":33278,"href":"https:\/\/elinformanteperu.com\/index.php\/wp-json\/wp\/v2\/posts\/33275\/revisions\/33278"}],"wp:featuredmedia":[{"embeddable":true,"href":"https:\/\/elinformanteperu.com\/index.php\/wp-json\/wp\/v2\/media\/33277"}],"wp:attachment":[{"href":"https:\/\/elinformanteperu.com\/index.php\/wp-json\/wp\/v2\/media?parent=33275"}],"wp:term":[{"taxonomy":"category","embeddable":true,"href":"https:\/\/elinformanteperu.com\/index.php\/wp-json\/wp\/v2\/categories?post=33275"},{"taxonomy":"post_tag","embeddable":true,"href":"https:\/\/elinformanteperu.com\/index.php\/wp-json\/wp\/v2\/tags?post=33275"}],"curies":[{"name":"wp","href":"https:\/\/api.w.org\/{rel}","templated":true}]}}