{"id":33270,"date":"2018-09-18T19:29:47","date_gmt":"2018-09-19T00:29:47","guid":{"rendered":"http:\/\/elinformanteperu.com\/?p=33270"},"modified":"2018-09-18T19:29:47","modified_gmt":"2018-09-19T00:29:47","slug":"eva-ayllon-mucha-gracias-por-tu-musica-carmencita-lara","status":"publish","type":"post","link":"https:\/\/elinformanteperu.com\/index.php\/2018\/09\/18\/eva-ayllon-mucha-gracias-por-tu-musica-carmencita-lara\/","title":{"rendered":"Eva Ayll\u00f3n: \u00abMucha gracias por tu m\u00fasica Carmencita Lara\u00bb"},"content":{"rendered":"<p><strong><span style=\"color: #000000;\">La cantante criolla, Eva Ayll\u00f3n se mostr\u00f3 profundamente apenada ante la partida de Carmencita Lara, una de las figuras m\u00e1s grandes del criollismo.<\/span><\/strong><\/p>\n<p><span style=\"color: #000000;\"><strong>Lima, 18 de Setiembre 2018, (ANDINA).-<\/strong> Eva Ayll\u00f3n se mostr\u00f3 profundamente apenada ante la partida de Carmencita Lara, una de las figuras m\u00e1s grandes del criollismo.<\/span><\/p>\n<p><span style=\"color: #000000;\">Ayll\u00f3n tom\u00f3 conocimiento de la noticia y los recuerdos la abrazaron desde el momento en que conoci\u00f3 a la fenecida int\u00e9rprete.<\/span><\/p>\n<p><span style=\"color: #000000;\">As\u00ed, Eva record\u00f3 el tema \u00abLos Cuervos\u00bb con un tuit, donde postea un extracto de la canci\u00f3n que est\u00e1 en Spotify.<\/span><\/p>\n<p><img fetchpriority=\"high\" decoding=\"async\" class=\"aligncenter size-full wp-image-33273\" src=\"http:\/\/elinformanteperu.com\/wp-content\/uploads\/2018\/09\/carmencita-lara1.jpg\" alt=\"\" width=\"1214\" height=\"697\" srcset=\"https:\/\/elinformanteperu.com\/wp-content\/uploads\/2018\/09\/carmencita-lara1.jpg 1214w, https:\/\/elinformanteperu.com\/wp-content\/uploads\/2018\/09\/carmencita-lara1-300x172.jpg 300w, https:\/\/elinformanteperu.com\/wp-content\/uploads\/2018\/09\/carmencita-lara1-768x441.jpg 768w, https:\/\/elinformanteperu.com\/wp-content\/uploads\/2018\/09\/carmencita-lara1-1024x588.jpg 1024w, https:\/\/elinformanteperu.com\/wp-content\/uploads\/2018\/09\/carmencita-lara1-128x73.jpg 128w, https:\/\/elinformanteperu.com\/wp-content\/uploads\/2018\/09\/carmencita-lara1-32x18.jpg 32w\" sizes=\"(max-width: 1214px) 100vw, 1214px\" \/><\/p>\n<p><span style=\"color: #000000;\">\u00abEste tema lo aprend\u00ed por ti #CarmencitaLara y cuando tuve la oportunidad de conducir un programa de radio luch\u00e9 mucho para que lo programaran. Gracias por tu m\u00fasica\u00bb<\/span><\/p>\n<p><span style=\"color: #000000;\">Tambi\u00e9n revel\u00f3 su pena por el deceso de Lara con otro tuit, \u00abmuy triste al enterarme de tu partida Carmencita Lara. Gracias por tu gran aporte a nuestra m\u00fasica. Mis condolencias a su familia y al Per\u00fa\u00bb.<\/span><\/p>\n<p>https:\/\/youtu.be\/UgaeFIx5-bs<\/p>\n","protected":false},"excerpt":{"rendered":"<p>La cantante criolla, Eva Ayll\u00f3n se mostr\u00f3 profundamente apenada ante la partida de Carmencita Lara, una de las figuras m\u00e1s grandes del criollismo. Lima, 18 de Setiembre 2018, (ANDINA).- Eva Ayll\u00f3n se mostr\u00f3 profundamente apenada ante la partida de Carmencita Lara, una de las figuras m\u00e1s grandes del criollismo. Ayll\u00f3n tom\u00f3 conocimiento de la noticia [&hellip;]<\/p>\n","protected":false},"author":1,"featured_media":33272,"comment_status":"open","ping_status":"open","sticky":false,"template":"","format":"standard","meta":{"rop_custom_images_group":[],"rop_custom_messages_group":[],"rop_publish_now":"initial","rop_publish_now_accounts":[],"rop_publish_now_history":[],"rop_publish_now_status":"pending","footnotes":""},"categories":[69],"tags":[3550,1426],"class_list":["post-33270","post","type-post","status-publish","format-standard","has-post-thumbnail","hentry","category-musica","tag-carmencita-lara","tag-eva-ayllon"],"_links":{"self":[{"href":"https:\/\/elinformanteperu.com\/index.php\/wp-json\/wp\/v2\/posts\/33270","targetHints":{"allow":["GET"]}}],"collection":[{"href":"https:\/\/elinformanteperu.com\/index.php\/wp-json\/wp\/v2\/posts"}],"about":[{"href":"https:\/\/elinformanteperu.com\/index.php\/wp-json\/wp\/v2\/types\/post"}],"author":[{"embeddable":true,"href":"https:\/\/elinformanteperu.com\/index.php\/wp-json\/wp\/v2\/users\/1"}],"replies":[{"embeddable":true,"href":"https:\/\/elinformanteperu.com\/index.php\/wp-json\/wp\/v2\/comments?post=33270"}],"version-history":[{"count":1,"href":"https:\/\/elinformanteperu.com\/index.php\/wp-json\/wp\/v2\/posts\/33270\/revisions"}],"predecessor-version":[{"id":33274,"href":"https:\/\/elinformanteperu.com\/index.php\/wp-json\/wp\/v2\/posts\/33270\/revisions\/33274"}],"wp:featuredmedia":[{"embeddable":true,"href":"https:\/\/elinformanteperu.com\/index.php\/wp-json\/wp\/v2\/media\/33272"}],"wp:attachment":[{"href":"https:\/\/elinformanteperu.com\/index.php\/wp-json\/wp\/v2\/media?parent=33270"}],"wp:term":[{"taxonomy":"category","embeddable":true,"href":"https:\/\/elinformanteperu.com\/index.php\/wp-json\/wp\/v2\/categories?post=33270"},{"taxonomy":"post_tag","embeddable":true,"href":"https:\/\/elinformanteperu.com\/index.php\/wp-json\/wp\/v2\/tags?post=33270"}],"curies":[{"name":"wp","href":"https:\/\/api.w.org\/{rel}","templated":true}]}}