{"id":33262,"date":"2018-09-18T19:20:36","date_gmt":"2018-09-19T00:20:36","guid":{"rendered":"http:\/\/elinformanteperu.com\/?p=33262"},"modified":"2018-09-18T19:25:08","modified_gmt":"2018-09-19T00:25:08","slug":"murio-cantante-carmencita-lara-a-los-91-anos","status":"publish","type":"post","link":"https:\/\/elinformanteperu.com\/index.php\/2018\/09\/18\/murio-cantante-carmencita-lara-a-los-91-anos\/","title":{"rendered":"Muri\u00f3 cantante Carmencita Lara a los 91 a\u00f1os"},"content":{"rendered":"<p><strong><span style=\"color: #000000;\">La cantante peruana Julia Rosa Caprist\u00e1n Garc\u00eda, conocida como Carmencita Lara, falleci\u00f3 hoy a los 91 a\u00f1os, confirm\u00f3 su hija.<\/span><\/strong><\/p>\n<p><span style=\"color: #000000;\"><strong>Lima, 18 de Setiembre 2018, (ANDINA).-<\/strong> La cantante peruana Julia Rosa Caprist\u00e1n Garc\u00eda, conocida como Carmencita Lara, falleci\u00f3 hoy a los 91 a\u00f1os, confirm\u00f3 su hija.<\/span><\/p>\n<p><span style=\"color: #000000;\">Seg\u00fan el portal Crioll\u00edsimos, la hija de Carmencita Lara, Rochi Lara, confirm\u00f3 el deceso de la cantante. \u00abSe fue tranquila, como si se sumiera en un profundo sue\u00f1o\u00bb, se\u00f1al\u00f3.<\/span><\/p>\n<p><span style=\"color: #000000;\">Carmencita Lara naci\u00f3 el 8 de octubre de 1926 en Trujillo, y fue una emblem\u00e1tica cantante peruana de valses, huainos, marineras, polcas y pasillos.<\/span><\/p>\n<p><span style=\"color: #000000;\">Carmencita populariz\u00f3 temas como \u00abEl adi\u00f3s\u00bb, \u00abDevu\u00e9lveme a mi madre\u00bb, \u00abTriste realidad\u00bb. Esas canciones fueron compuestas por su esposo, V\u00edctor Lara, quien estuvo a su lado en todo momento, tras sufrir hace algunos a\u00f1os un derrame cerebral que la mantuvo al cuidado de su familia.<\/span><\/p>\n<p><span style=\"color: #000000;\">La artista populariz\u00f3 el cl\u00e1sico \u00abOlv\u00eddala, amigo\u00bb, del compositor Luis Cueto, tema que se mantiene vigente en nuestro cancionero.<\/span><\/p>\n<p><span style=\"color: #000000;\">Sin embargo, fue su esposo, el m\u00fasico Victor Lara, a quien conoci\u00f3 cuando buscaba un profesor de piano, quien la acompa\u00f1\u00f3 durante toda su carrera junto a su fiel acorde\u00f3n. Ambos se conocieron y se enamoraron cuando la artista contaba con 15 a\u00f1os de edad, contrajeron nupcias y se juraron estar siempre uno al lado del otro; hasta que esa promesa se quebr\u00f3 hoy ante la partida de la int\u00e9rprete.<\/span><\/p>\n<p><strong><span style=\"color: #000000;\">Ministerio de Cultura<\/span><\/strong><\/p>\n<p><span style=\"color: #000000;\">Tras conocerse su deceso, el Ministerio de Cultura emiti\u00f3 un tuit lamentando la partida de la emblem\u00e1tica figura del criollismo: \u00abNuestra m\u00fasica peruana est\u00e1 de luto. Hoy nos dej\u00f3 Julia Rosa Caprist\u00e1n Garc\u00eda, conocida como Carmencita Lara, reconocida Personalidad Meritoria de la Cultura por su aporte en la difusi\u00f3n de nuestro arte en el Per\u00fa y el extranjero. Nuestras condolencias a su familia\u00bb.<\/span><\/p>\n<p><strong><span style=\"color: #000000;\">Velatorio<\/span><\/strong><\/p>\n<p><span style=\"color: #000000;\">La int\u00e9rprete criolla Carmencita Lara ser\u00e1 velada ma\u00f1ana mi\u00e9rcoles en el ministerio de Cultura, el velatorio tendr\u00e1 lugar en el foyer de la sala Los Incas.<\/span><\/p>\n<p><span style=\"color: #000000;\">Se supo que Julia Rosa Caprist\u00e1n Garc\u00eda, conocida popularmente como Carmencita Lara, tuvo como uno de sus \u00faltimos deseos ser velada en la sede del ministerio de Cultura, lugar donde se han rendido honores a diversos artistas e intelectuales.<\/span><\/p>\n<p><span style=\"color: #000000;\">Por deseo de la familia, en estos momentos est\u00e1 siendo velada de forma privada en su domicilio del distrito de Comas.<\/span><\/p>\n<p><span style=\"color: #000000;\">La cantante falleci\u00f3 a pocos d\u00edas de cumplir 92 a\u00f1os.<\/span><\/p>\n<p><iframe title=\"carmencita lara mix\" width=\"615\" height=\"346\" src=\"https:\/\/www.youtube.com\/embed\/qaXrqL0Z7uw?feature=oembed\" frameborder=\"0\" allow=\"accelerometer; autoplay; clipboard-write; encrypted-media; gyroscope; picture-in-picture; web-share\" referrerpolicy=\"strict-origin-when-cross-origin\" allowfullscreen><\/iframe><\/p>\n","protected":false},"excerpt":{"rendered":"<p>La cantante peruana Julia Rosa Caprist\u00e1n Garc\u00eda, conocida como Carmencita Lara, falleci\u00f3 hoy a los 91 a\u00f1os, confirm\u00f3 su hija. Lima, 18 de Setiembre 2018, (ANDINA).- La cantante peruana Julia Rosa Caprist\u00e1n Garc\u00eda, conocida como Carmencita Lara, falleci\u00f3 hoy a los 91 a\u00f1os, confirm\u00f3 su hija. Seg\u00fan el portal Crioll\u00edsimos, la hija de Carmencita Lara, [&hellip;]<\/p>\n","protected":false},"author":1,"featured_media":33264,"comment_status":"open","ping_status":"open","sticky":false,"template":"","format":"standard","meta":{"rop_custom_images_group":[],"rop_custom_messages_group":[],"rop_publish_now":"initial","rop_publish_now_accounts":[],"rop_publish_now_history":[],"rop_publish_now_status":"pending","footnotes":""},"categories":[69],"tags":[3550,105],"class_list":["post-33262","post","type-post","status-publish","format-standard","has-post-thumbnail","hentry","category-musica","tag-carmencita-lara","tag-ministerio-de-cultura"],"_links":{"self":[{"href":"https:\/\/elinformanteperu.com\/index.php\/wp-json\/wp\/v2\/posts\/33262","targetHints":{"allow":["GET"]}}],"collection":[{"href":"https:\/\/elinformanteperu.com\/index.php\/wp-json\/wp\/v2\/posts"}],"about":[{"href":"https:\/\/elinformanteperu.com\/index.php\/wp-json\/wp\/v2\/types\/post"}],"author":[{"embeddable":true,"href":"https:\/\/elinformanteperu.com\/index.php\/wp-json\/wp\/v2\/users\/1"}],"replies":[{"embeddable":true,"href":"https:\/\/elinformanteperu.com\/index.php\/wp-json\/wp\/v2\/comments?post=33262"}],"version-history":[{"count":3,"href":"https:\/\/elinformanteperu.com\/index.php\/wp-json\/wp\/v2\/posts\/33262\/revisions"}],"predecessor-version":[{"id":33269,"href":"https:\/\/elinformanteperu.com\/index.php\/wp-json\/wp\/v2\/posts\/33262\/revisions\/33269"}],"wp:featuredmedia":[{"embeddable":true,"href":"https:\/\/elinformanteperu.com\/index.php\/wp-json\/wp\/v2\/media\/33264"}],"wp:attachment":[{"href":"https:\/\/elinformanteperu.com\/index.php\/wp-json\/wp\/v2\/media?parent=33262"}],"wp:term":[{"taxonomy":"category","embeddable":true,"href":"https:\/\/elinformanteperu.com\/index.php\/wp-json\/wp\/v2\/categories?post=33262"},{"taxonomy":"post_tag","embeddable":true,"href":"https:\/\/elinformanteperu.com\/index.php\/wp-json\/wp\/v2\/tags?post=33262"}],"curies":[{"name":"wp","href":"https:\/\/api.w.org\/{rel}","templated":true}]}}