{"id":33242,"date":"2018-09-18T18:41:30","date_gmt":"2018-09-18T23:41:30","guid":{"rendered":"http:\/\/elinformanteperu.com\/?p=33242"},"modified":"2018-09-18T18:41:30","modified_gmt":"2018-09-18T23:41:30","slug":"teatro-los-fines-de-semana-de-octubre-chami-y-la-ciudad-dorada","status":"publish","type":"post","link":"https:\/\/elinformanteperu.com\/index.php\/2018\/09\/18\/teatro-los-fines-de-semana-de-octubre-chami-y-la-ciudad-dorada\/","title":{"rendered":"Teatro: Los fines de semana de octubre, \u201cChami y la Ciudad Dorada\u201d"},"content":{"rendered":"<p><strong><span style=\"color: #000000;\">Una historia m\u00e1gica, divertida y, a la vez, reflexiva que toca temas como la discriminaci\u00f3n racial y el bullying.\u00a0 Todos s\u00e1bados y domingos de octubre a las 5 de la tarde en el Teatro Esencia, de Barranco.<\/span><\/strong><\/p>\n<p><span style=\"color: #000000;\"><strong>Lima, 18 de Setiembre 2018, (El Informante Per\u00fa).-<\/strong> \u201cChami y la Ciudad Dorada\u201d es una obra teatral dirigida a toda la familia que cuenta una historia m\u00e1gica, divertida y, a la vez, reflexiva. La misma toca temas como la discriminaci\u00f3n racial, el bullying, el valor de nuestra etnia y la importancia de conocer y respetar nuestro pasado.<\/span><\/p>\n<p><span style=\"color: #000000;\">La puesta en escena se presentar\u00e1 todos los s\u00e1bados y domingos en el Teatro Esencia, de Barranco, desde el 06 de octubre hasta el 04 de noviembre del 2018, con la direcci\u00f3n y dramaturgia de Gerardo Fern\u00e1ndez y las actuaciones de Miluska Eskenazi, Elihu Leyva, Luis Golding y Katherina S\u00e1nchez.<\/span><\/p>\n<p><span style=\"color: #000000;\">Una ni\u00f1a andina, que sufre de discriminaci\u00f3n racial en el colegio deber\u00e1 enfrentarse a las circunstancias que la han convertido en cobarde para transformarse en la hero\u00edna que, seg\u00fan una profec\u00eda, est\u00e1 destinada a ser. El augurio asegura que su destino ser\u00e1 convertirse en la guardiana de la \u201cCiudad Dorada\u201d.<\/span><\/p>\n<p><img fetchpriority=\"high\" decoding=\"async\" class=\"aligncenter size-full wp-image-33245\" src=\"http:\/\/elinformanteperu.com\/wp-content\/uploads\/2018\/09\/Chami-y-la-Ciudad-Dorada1.jpg\" alt=\"\" width=\"800\" height=\"566\" srcset=\"https:\/\/elinformanteperu.com\/wp-content\/uploads\/2018\/09\/Chami-y-la-Ciudad-Dorada1.jpg 800w, https:\/\/elinformanteperu.com\/wp-content\/uploads\/2018\/09\/Chami-y-la-Ciudad-Dorada1-300x212.jpg 300w, https:\/\/elinformanteperu.com\/wp-content\/uploads\/2018\/09\/Chami-y-la-Ciudad-Dorada1-768x543.jpg 768w, https:\/\/elinformanteperu.com\/wp-content\/uploads\/2018\/09\/Chami-y-la-Ciudad-Dorada1-128x91.jpg 128w, https:\/\/elinformanteperu.com\/wp-content\/uploads\/2018\/09\/Chami-y-la-Ciudad-Dorada1-32x23.jpg 32w\" sizes=\"(max-width: 800px) 100vw, 800px\" \/><\/p>\n<p><span style=\"color: #000000;\">Se trata de la primera entrega de la trilog\u00eda que el autor nos trae, en la que abordar\u00e1 puntos trascendentales y m\u00e1s usando, como en el pasado, los cuentos para ense\u00f1ar y mostrar de una forma din\u00e1mica muchas de las problem\u00e1ticas que nuestros ni\u00f1os viven d\u00eda a d\u00eda en su entorno<\/span><\/p>\n<p><span style=\"color: #000000;\">\u201cHemos perdido el amor por nuestro pasado, por nuestra etnia, nuestras costumbres, somos una sociedad que olvida f\u00e1cilmente o quiz\u00e1 nos ense\u00f1an a olvidar para poder seguir siendo manipulados, nuestros ni\u00f1os crecen aprendiendo a ser indiferentes frente a una realidad que pide a gritos ser salvada como \u201cla ciudad dorada\u201d, se\u00f1ala.<\/span><\/p>\n<p><span style=\"color: #000000;\">\u201cChami y la Ciudad Dorada\u201d va los s\u00e1bados y domingos a las 5 de la tarde en el Teatro Esencia, de Barranco (Avenida Miguel Grau 071). Venta de entradas en el mismo teatro y v\u00eda online en: <strong>www.joinnus.com<\/strong> a 27 soles (adultos) y 25 soles (ni\u00f1os). Hay preventa hasta el 05 de octubre a 20 soles (general).<\/span><\/p>\n<p><img decoding=\"async\" class=\"aligncenter size-full wp-image-33246\" src=\"http:\/\/elinformanteperu.com\/wp-content\/uploads\/2018\/09\/Chami-y-la-Ciudad-Dorada2.jpg\" alt=\"\" width=\"800\" height=\"566\" srcset=\"https:\/\/elinformanteperu.com\/wp-content\/uploads\/2018\/09\/Chami-y-la-Ciudad-Dorada2.jpg 800w, https:\/\/elinformanteperu.com\/wp-content\/uploads\/2018\/09\/Chami-y-la-Ciudad-Dorada2-300x212.jpg 300w, https:\/\/elinformanteperu.com\/wp-content\/uploads\/2018\/09\/Chami-y-la-Ciudad-Dorada2-768x543.jpg 768w, https:\/\/elinformanteperu.com\/wp-content\/uploads\/2018\/09\/Chami-y-la-Ciudad-Dorada2-128x91.jpg 128w, https:\/\/elinformanteperu.com\/wp-content\/uploads\/2018\/09\/Chami-y-la-Ciudad-Dorada2-32x23.jpg 32w\" sizes=\"(max-width: 800px) 100vw, 800px\" \/><\/p>\n","protected":false},"excerpt":{"rendered":"<p>Una historia m\u00e1gica, divertida y, a la vez, reflexiva que toca temas como la discriminaci\u00f3n racial y el bullying.\u00a0 Todos s\u00e1bados y domingos de octubre a las 5 de la tarde en el Teatro Esencia, de Barranco. Lima, 18 de Setiembre 2018, (El Informante Per\u00fa).- \u201cChami y la Ciudad Dorada\u201d es una obra teatral dirigida [&hellip;]<\/p>\n","protected":false},"author":1,"featured_media":33244,"comment_status":"open","ping_status":"open","sticky":false,"template":"","format":"standard","meta":{"rop_custom_images_group":[],"rop_custom_messages_group":[],"rop_publish_now":"initial","rop_publish_now_accounts":[],"rop_publish_now_history":[],"rop_publish_now_status":"pending","footnotes":""},"categories":[70],"tags":[1625,3549],"class_list":["post-33242","post","type-post","status-publish","format-standard","has-post-thumbnail","hentry","category-farandula","tag-teatro","tag-teatro-esencia"],"_links":{"self":[{"href":"https:\/\/elinformanteperu.com\/index.php\/wp-json\/wp\/v2\/posts\/33242","targetHints":{"allow":["GET"]}}],"collection":[{"href":"https:\/\/elinformanteperu.com\/index.php\/wp-json\/wp\/v2\/posts"}],"about":[{"href":"https:\/\/elinformanteperu.com\/index.php\/wp-json\/wp\/v2\/types\/post"}],"author":[{"embeddable":true,"href":"https:\/\/elinformanteperu.com\/index.php\/wp-json\/wp\/v2\/users\/1"}],"replies":[{"embeddable":true,"href":"https:\/\/elinformanteperu.com\/index.php\/wp-json\/wp\/v2\/comments?post=33242"}],"version-history":[{"count":1,"href":"https:\/\/elinformanteperu.com\/index.php\/wp-json\/wp\/v2\/posts\/33242\/revisions"}],"predecessor-version":[{"id":33247,"href":"https:\/\/elinformanteperu.com\/index.php\/wp-json\/wp\/v2\/posts\/33242\/revisions\/33247"}],"wp:featuredmedia":[{"embeddable":true,"href":"https:\/\/elinformanteperu.com\/index.php\/wp-json\/wp\/v2\/media\/33244"}],"wp:attachment":[{"href":"https:\/\/elinformanteperu.com\/index.php\/wp-json\/wp\/v2\/media?parent=33242"}],"wp:term":[{"taxonomy":"category","embeddable":true,"href":"https:\/\/elinformanteperu.com\/index.php\/wp-json\/wp\/v2\/categories?post=33242"},{"taxonomy":"post_tag","embeddable":true,"href":"https:\/\/elinformanteperu.com\/index.php\/wp-json\/wp\/v2\/tags?post=33242"}],"curies":[{"name":"wp","href":"https:\/\/api.w.org\/{rel}","templated":true}]}}