{"id":33237,"date":"2018-09-17T23:35:44","date_gmt":"2018-09-18T04:35:44","guid":{"rendered":"http:\/\/elinformanteperu.com\/?p=33237"},"modified":"2018-09-17T23:35:44","modified_gmt":"2018-09-18T04:35:44","slug":"gobierno-espera-tener-la-confianza-del-congreso-y-que-se-aprueben-reformas","status":"publish","type":"post","link":"https:\/\/elinformanteperu.com\/index.php\/2018\/09\/17\/gobierno-espera-tener-la-confianza-del-congreso-y-que-se-aprueben-reformas\/","title":{"rendered":"Gobierno espera tener la confianza del Congreso y que se aprueben reformas"},"content":{"rendered":"<p><strong><span style=\"color: #000000;\">El ministro de Justicia y Derechos Humanos, Vicente Zeballos, sostuvo que el Gobierno espera tener la confianza del Congreso el mi\u00e9rcoles.<\/span><\/strong><\/p>\n<p><span style=\"color: #000000;\"><strong>Lima, 17 de Setiembre 2018, (ANDINA).-<\/strong> El ministro de Justicia y Derechos Humanos, Vicente Zeballos, sostuvo que el Gobierno espera tener la confianza del Congreso el mi\u00e9rcoles y que se aprueben las reformas constitucionales planteadas por el Ejecutivo.<\/span><\/p>\n<p><span style=\"color: #000000;\">Asegur\u00f3 que el pedido de confianza se apega a la Constituci\u00f3n y es v\u00e1lida dado que las reformas que platea el Ejecutivo son ejes de la pol\u00edtica de gesti\u00f3n que requiere el presidente del Consejo de Ministros, C\u00e9sar Villanueva, ejecutar su labor.<\/span><\/p>\n<p><span style=\"color: #000000;\">En ese sentido, indic\u00f3 que la Constituci\u00f3n permite que el jefe del Gabinete pueda pedir al Parlamento, que le dio el voto de investidura cuando present\u00f3 su pol\u00edtica de gobierno, la renovaci\u00f3n de la confianza.<\/span><\/p>\n<p><span style=\"color: #000000;\">\u201cSi hay voto de confianza implicar\u00eda que se deben aprobar las cuatro reformas propuestas de reforma enviadas por el Ejecutivo\u201d, sostuvo.<\/span><\/p>\n<p><span style=\"color: #000000;\">Si la decisi\u00f3n del Congreso es negar la confianza, el ministro Zeballos apunt\u00f3 que el paso siguiente establecido por la Constituci\u00f3n es el cierre del Congreso. \u201cEso es un paso posterior, ahora estamos en la primera etapa, en la deliberaci\u00f3n y el otorgamiento de la confianza\u201d.<\/span><\/p>\n<p><span style=\"color: #000000;\">\u201cEl presiente fue enf\u00e1tico en decir el refer\u00e9ndum va, detr\u00e1s de eso est\u00e1 el objetivo que se aprueben las reformas pol\u00edticas y de justicia, eso es el foco de atenci\u00f3n\u201d, apunt\u00f3.<\/span><\/p>\n<p><span style=\"color: #000000;\">Record\u00f3 que se lleg\u00f3 a esta situaci\u00f3n por la falta de una l\u00ednea coherente en Fuerza Popular que se abstuvo en la Comisi\u00f3n de Justicia y no permiti\u00f3 aprobar el dictamen de la reforma del CNM, as\u00ed como las actitud del presidente del Congreso que declar\u00f3 en sesi\u00f3n permanente el Parlamento, pero luego indica que las reformas pueden esperar.<\/span><\/p>\n<p><span style=\"color: #000000;\">Zeballos, asimismo, remarc\u00f3 que la cuesti\u00f3n de confianza planteada por el Presidente ha siso positiva y constructiva porque el Congreso est\u00e1 acelerando sus tiempos, lo que ha permitido que hoy se aprueben los predict\u00e1menes de las comisiones de Justicia y Constituci\u00f3n sobre el CNM y que se inicie del debate de la bicameralidad.<\/span><\/p>\n<p><span style=\"color: #000000;\">Sostuvo que corresponde al Congreso la revisi\u00f3n de las reformas planteadas por el Ejecutivo e incluso hacer modificaciones, sin desnaturalizarlas.<\/span><\/p>\n<p><span style=\"color: #000000;\">El ministro de Justicia, de otro lado, sostuvo que fue positiva la reuni\u00f3n que sostuvo esta noche el presidente Mart\u00edn Vizcarra con los voceros de las bancadas parlamentarias, con quienes se ha intercambiado opiniones.<\/span><\/p>\n<p><span style=\"color: #000000;\">Indic\u00f3 que el mi\u00e9rcoles el presidente del Consejo de Ministros, C\u00e9sar Villanueva, ir\u00e1 al congreso a sustentar la cuesti\u00f3n de confianza, acompa\u00f1ado de todos los integrantes de su Gabinete Ministerial.<\/span><\/p>\n","protected":false},"excerpt":{"rendered":"<p>El ministro de Justicia y Derechos Humanos, Vicente Zeballos, sostuvo que el Gobierno espera tener la confianza del Congreso el mi\u00e9rcoles. Lima, 17 de Setiembre 2018, (ANDINA).- El ministro de Justicia y Derechos Humanos, Vicente Zeballos, sostuvo que el Gobierno espera tener la confianza del Congreso el mi\u00e9rcoles y que se aprueben las reformas constitucionales [&hellip;]<\/p>\n","protected":false},"author":1,"featured_media":14553,"comment_status":"open","ping_status":"open","sticky":false,"template":"","format":"standard","meta":{"rop_custom_images_group":[],"rop_custom_messages_group":[],"rop_publish_now":"initial","rop_publish_now_accounts":[],"rop_publish_now_history":[],"rop_publish_now_status":"pending","footnotes":""},"categories":[5],"tags":[192,289,3451,477],"class_list":["post-33237","post","type-post","status-publish","format-standard","has-post-thumbnail","hentry","category-actualidad-informativa","tag-congreso","tag-martin-vizcarra","tag-referendum","tag-vicente-zeballos"],"_links":{"self":[{"href":"https:\/\/elinformanteperu.com\/index.php\/wp-json\/wp\/v2\/posts\/33237","targetHints":{"allow":["GET"]}}],"collection":[{"href":"https:\/\/elinformanteperu.com\/index.php\/wp-json\/wp\/v2\/posts"}],"about":[{"href":"https:\/\/elinformanteperu.com\/index.php\/wp-json\/wp\/v2\/types\/post"}],"author":[{"embeddable":true,"href":"https:\/\/elinformanteperu.com\/index.php\/wp-json\/wp\/v2\/users\/1"}],"replies":[{"embeddable":true,"href":"https:\/\/elinformanteperu.com\/index.php\/wp-json\/wp\/v2\/comments?post=33237"}],"version-history":[{"count":1,"href":"https:\/\/elinformanteperu.com\/index.php\/wp-json\/wp\/v2\/posts\/33237\/revisions"}],"predecessor-version":[{"id":33239,"href":"https:\/\/elinformanteperu.com\/index.php\/wp-json\/wp\/v2\/posts\/33237\/revisions\/33239"}],"wp:featuredmedia":[{"embeddable":true,"href":"https:\/\/elinformanteperu.com\/index.php\/wp-json\/wp\/v2\/media\/14553"}],"wp:attachment":[{"href":"https:\/\/elinformanteperu.com\/index.php\/wp-json\/wp\/v2\/media?parent=33237"}],"wp:term":[{"taxonomy":"category","embeddable":true,"href":"https:\/\/elinformanteperu.com\/index.php\/wp-json\/wp\/v2\/categories?post=33237"},{"taxonomy":"post_tag","embeddable":true,"href":"https:\/\/elinformanteperu.com\/index.php\/wp-json\/wp\/v2\/tags?post=33237"}],"curies":[{"name":"wp","href":"https:\/\/api.w.org\/{rel}","templated":true}]}}