{"id":33233,"date":"2018-09-17T23:31:40","date_gmt":"2018-09-18T04:31:40","guid":{"rendered":"http:\/\/elinformanteperu.com\/?p=33233"},"modified":"2018-09-17T23:31:40","modified_gmt":"2018-09-18T04:31:40","slug":"bicameralidad-comision-de-constitucion-aprueba-primeros-articulos","status":"publish","type":"post","link":"https:\/\/elinformanteperu.com\/index.php\/2018\/09\/17\/bicameralidad-comision-de-constitucion-aprueba-primeros-articulos\/","title":{"rendered":"Bicameralidad: Comisi\u00f3n de Constituci\u00f3n aprueba primeros art\u00edculos"},"content":{"rendered":"<p><strong><span style=\"color: #000000;\">La Comisi\u00f3n de Constituci\u00f3n del Congreso inici\u00f3 el debate y aprobaci\u00f3n de los primeros art\u00edculos del predictamen referido al retorno a la bicameralidad.<\/span><\/strong><\/p>\n<p><span style=\"color: #000000;\"><strong>Lima, 17 de Setiembre 2018, (ANDINA).-<\/strong> La Comisi\u00f3n de Constituci\u00f3n del Congreso inici\u00f3 el debate y aprobaci\u00f3n de los primeros art\u00edculos del predictamen referido al proyecto de ley que plantea el retorno a la bicameralidad.<\/span><\/p>\n<p><span style=\"color: #000000;\">Los art\u00edculos tienen relaci\u00f3n con la aprobaci\u00f3n de los tratados por parte de la C\u00e1mara de Diputados y el Senado; as\u00ed como la ratificaci\u00f3n por parte del presidente de la Rep\u00fablica, inform\u00f3 el Congreso.<\/span><\/p>\n<p><span style=\"color: #000000;\">Los integrantes de la Comisi\u00f3n acordaron comenzar con la aprobaci\u00f3n de los art\u00edculos en los que hab\u00eda consenso para luego debatir y aprobar los art\u00edculos m\u00e1s complejos como el n\u00famero de diputados y senadores que integrar\u00edan ambas c\u00e1maras.<\/span><\/p>\n<p><span style=\"color: #000000;\">La presidenta de la Comisi\u00f3n, Rosa Bartra, pidi\u00f3 a los congresistas la m\u00e1xima colaboraci\u00f3n para debatir y aprobar el dictamen que tiene m\u00e1s de 200 p\u00e1ginas y que \u201cno se har\u00e1 de la noche a la ma\u00f1ana\u201d.<\/span><\/p>\n<p><span style=\"color: #000000;\">Durente el debate, el congresista Miguel Torres (FP) adelant\u00f3 que no est\u00e1 de acuerdo con la bicameralidad, pero igual colaborar\u00e1.<\/span><\/p>\n<p><span style=\"color: #000000;\">Marisa Glave (NP) indic\u00f3 que ser\u00e1 complicado ver art\u00edculo por art\u00edculo, pero se debe revisar hoy y ma\u00f1ana para continuar con la sesi\u00f3n.<\/span><\/p>\n<p><span style=\"color: #000000;\">Por su parte, Juan Sheput (PPK) dijo estar de acuerdo en que se puede comenzar el debate art\u00edculo por art\u00edculo.<\/span><\/p>\n<p><span style=\"color: #000000;\">A su turno, Javier Vel\u00e1squez Quesqu\u00e9n (PAP) consider\u00f3 que hay algunas fallas incongruentes en el predictamen.<\/span><\/p>\n","protected":false},"excerpt":{"rendered":"<p>La Comisi\u00f3n de Constituci\u00f3n del Congreso inici\u00f3 el debate y aprobaci\u00f3n de los primeros art\u00edculos del predictamen referido al retorno a la bicameralidad. Lima, 17 de Setiembre 2018, (ANDINA).- La Comisi\u00f3n de Constituci\u00f3n del Congreso inici\u00f3 el debate y aprobaci\u00f3n de los primeros art\u00edculos del predictamen referido al proyecto de ley que plantea el retorno [&hellip;]<\/p>\n","protected":false},"author":1,"featured_media":33235,"comment_status":"open","ping_status":"open","sticky":false,"template":"","format":"standard","meta":{"rop_custom_images_group":[],"rop_custom_messages_group":[],"rop_publish_now":"initial","rop_publish_now_accounts":[],"rop_publish_now_history":[],"rop_publish_now_status":"pending","footnotes":""},"categories":[5],"tags":[192,289,3451],"class_list":["post-33233","post","type-post","status-publish","format-standard","has-post-thumbnail","hentry","category-actualidad-informativa","tag-congreso","tag-martin-vizcarra","tag-referendum"],"_links":{"self":[{"href":"https:\/\/elinformanteperu.com\/index.php\/wp-json\/wp\/v2\/posts\/33233","targetHints":{"allow":["GET"]}}],"collection":[{"href":"https:\/\/elinformanteperu.com\/index.php\/wp-json\/wp\/v2\/posts"}],"about":[{"href":"https:\/\/elinformanteperu.com\/index.php\/wp-json\/wp\/v2\/types\/post"}],"author":[{"embeddable":true,"href":"https:\/\/elinformanteperu.com\/index.php\/wp-json\/wp\/v2\/users\/1"}],"replies":[{"embeddable":true,"href":"https:\/\/elinformanteperu.com\/index.php\/wp-json\/wp\/v2\/comments?post=33233"}],"version-history":[{"count":1,"href":"https:\/\/elinformanteperu.com\/index.php\/wp-json\/wp\/v2\/posts\/33233\/revisions"}],"predecessor-version":[{"id":33236,"href":"https:\/\/elinformanteperu.com\/index.php\/wp-json\/wp\/v2\/posts\/33233\/revisions\/33236"}],"wp:featuredmedia":[{"embeddable":true,"href":"https:\/\/elinformanteperu.com\/index.php\/wp-json\/wp\/v2\/media\/33235"}],"wp:attachment":[{"href":"https:\/\/elinformanteperu.com\/index.php\/wp-json\/wp\/v2\/media?parent=33233"}],"wp:term":[{"taxonomy":"category","embeddable":true,"href":"https:\/\/elinformanteperu.com\/index.php\/wp-json\/wp\/v2\/categories?post=33233"},{"taxonomy":"post_tag","embeddable":true,"href":"https:\/\/elinformanteperu.com\/index.php\/wp-json\/wp\/v2\/tags?post=33233"}],"curies":[{"name":"wp","href":"https:\/\/api.w.org\/{rel}","templated":true}]}}