{"id":33227,"date":"2018-09-17T23:27:41","date_gmt":"2018-09-18T04:27:41","guid":{"rendered":"http:\/\/elinformanteperu.com\/?p=33227"},"modified":"2018-09-17T23:27:41","modified_gmt":"2018-09-18T04:27:41","slug":"bancadas-estiman-que-camino-estaria-dado-para-dar-voto-de-confianza","status":"publish","type":"post","link":"https:\/\/elinformanteperu.com\/index.php\/2018\/09\/17\/bancadas-estiman-que-camino-estaria-dado-para-dar-voto-de-confianza\/","title":{"rendered":"Bancadas estiman que camino estar\u00eda dado para dar voto de confianza"},"content":{"rendered":"<p><strong><span style=\"color: #000000;\">Tras una reuni\u00f3n con el presidente Mart\u00edn Vizcarra, voceros de diferentes bancadas indicaron que estar\u00eda dado el camino para dar el voto de confianza al Gabinete.<\/span><\/strong><\/p>\n<p><span style=\"color: #000000;\"><strong>Lima, 17 de Setiembre 2018, (ANDINA).-<\/strong> Tras una reuni\u00f3n con el presidente Mart\u00edn Vizcarra, voceros de diferentes bancadas indicaron que estar\u00eda dado el camino para dar el voto de confianza al Gabinete C\u00e9sar Villanueva por las reformas constitucionales.<\/span><\/p>\n<p><span style=\"color: #000000;\">Gilbert Violeta, de la bancada Peruanos por el Kambio (PPK), precis\u00f3 que la reuni\u00f3n con el Mandatario fue una buena oportunidad para dialogar y construir consenso que el pa\u00eds est\u00e1 demandando y que no hay nada escondido detr\u00e1s de la cuesti\u00f3n de confianza planteada al Congreso.<\/span><\/p>\n<p><span style=\"color: #000000;\">\u201cNo hay el objetivo de bloquear, cerrar el Congreso, patear el tablero, se busca que las reformas constitucionales que el Presidente se comprometi\u00f3 con la poblaci\u00f3n se hagan realidad\u201d, refiri\u00f3.<\/span><\/p>\n<p><span style=\"color: #000000;\">Sostuvo que el Congreso acord\u00f3 aprobar las reformas hasta el 4 de octubre, de modo que puedan ser sometidas a refer\u00e9ndum el 8 de noviembre, con las elecciones regionales de segunda vuelta.<\/span><\/p>\n<p><span style=\"color: #000000;\">\u201cHay compromiso de que as\u00ed ser\u00e1 y que la cuesti\u00f3n de confianza ser\u00e1 un elemento de pr\u00e1ctica constitucional, pero al mismo tiempo que no genere ninguna ruptura constitucional\u201d, dijo al ser consultado si hab\u00eda condiciones para dar el voto de confianza.<\/span><\/p>\n<p><strong><span style=\"color: #000000;\">Est\u00e1 allanado la cuesti\u00f3n de confianza<\/span><\/strong><\/p>\n<p><img fetchpriority=\"high\" decoding=\"async\" class=\"aligncenter size-full wp-image-33230\" src=\"http:\/\/elinformanteperu.com\/wp-content\/uploads\/2018\/09\/richard-arce.jpg\" alt=\"\" width=\"1800\" height=\"1200\" srcset=\"https:\/\/elinformanteperu.com\/wp-content\/uploads\/2018\/09\/richard-arce.jpg 1800w, https:\/\/elinformanteperu.com\/wp-content\/uploads\/2018\/09\/richard-arce-300x200.jpg 300w, https:\/\/elinformanteperu.com\/wp-content\/uploads\/2018\/09\/richard-arce-768x512.jpg 768w, https:\/\/elinformanteperu.com\/wp-content\/uploads\/2018\/09\/richard-arce-1024x683.jpg 1024w, https:\/\/elinformanteperu.com\/wp-content\/uploads\/2018\/09\/richard-arce-128x85.jpg 128w, https:\/\/elinformanteperu.com\/wp-content\/uploads\/2018\/09\/richard-arce-32x21.jpg 32w\" sizes=\"(max-width: 1800px) 100vw, 1800px\" \/><\/p>\n<p><span style=\"color: #000000;\">La congresista Marisol Espinoza, vocera de Peruanos por el Kambio (PPK), en tanto, sostuvo que \u201cest\u00e1 allanado el terreno para el voto de confianza\u201d.<\/span><\/p>\n<p><span style=\"color: #000000;\">\u201cMa\u00f1ana debatiremos los predict\u00e1menes aprobados por Constituci\u00f3n y Justicia, que ten\u00eda su predictamen desde la semana pasada, el camino esta allanado para el voto de confianza al premier Villanueva\u201d, apunt\u00f3.<\/span><\/p>\n<p><span style=\"color: #000000;\">Subray\u00f3 que su bancada ratific\u00f3 al presidente Vizcarra su apoyo a las reformas planteadas por el Ejecutivo y escucharon de su parte que no quiere cerrar el Congreso sino celeridad para que el 4 de octubre se aprueben las reformas.<\/span><\/p>\n<p><span style=\"color: #000000;\">Los voceros de bancadas, sostuvo, coincidieron en se\u00f1alar que las reformas aprobadas ayudar\u00e1n en parte en enfrentar los problemas del pa\u00eds, pero no ser\u00e1 una soluci\u00f3n total por lo que deben seguir trabajando juntos el Ejecutivo y el Congreso.<\/span><\/p>\n<p><strong><span style=\"color: #000000;\">Ambiente distendido<\/span><\/strong><\/p>\n<p><span style=\"color: #000000;\">Marco Arana, vocero de la bancada Frente Amplio, en tanto, refiri\u00f3 que el jefe de Estado inform\u00f3 que su prop\u00f3sito no es el cierre del Congreso, sino m\u00e1s bien acortar los plazos para aprobar las reformas que plantea.<\/span><\/p>\n<p><span style=\"color: #000000;\">Por ello, estim\u00f3 que \u201cno habr\u00eda raz\u00f3n para negar el voto de confianza\u201d.<\/span><\/p>\n<p><span style=\"color: #000000;\">\u201cHa sido ambiente de cordialidad, el presidente expres\u00f3 su preocupaci\u00f3n por que se demora el debate y aprobaci\u00f3n de los dict\u00e1menes, en ese sentido se le manifest\u00f3 el compromiso de los voceros par que se hagan hasta el 5 de octubre para ir a refer\u00e9ndum\u201d, remarc\u00f3.<\/span><\/p>\n<p><strong><span style=\"color: #000000;\">Balance positivo<\/span><\/strong><\/p>\n<p><img decoding=\"async\" class=\"aligncenter size-full wp-image-33231\" src=\"http:\/\/elinformanteperu.com\/wp-content\/uploads\/2018\/09\/mulder-velasquez.jpg\" alt=\"\" width=\"1800\" height=\"1200\" srcset=\"https:\/\/elinformanteperu.com\/wp-content\/uploads\/2018\/09\/mulder-velasquez.jpg 1800w, https:\/\/elinformanteperu.com\/wp-content\/uploads\/2018\/09\/mulder-velasquez-300x200.jpg 300w, https:\/\/elinformanteperu.com\/wp-content\/uploads\/2018\/09\/mulder-velasquez-768x512.jpg 768w, https:\/\/elinformanteperu.com\/wp-content\/uploads\/2018\/09\/mulder-velasquez-1024x683.jpg 1024w, https:\/\/elinformanteperu.com\/wp-content\/uploads\/2018\/09\/mulder-velasquez-128x85.jpg 128w, https:\/\/elinformanteperu.com\/wp-content\/uploads\/2018\/09\/mulder-velasquez-32x21.jpg 32w\" sizes=\"(max-width: 1800px) 100vw, 1800px\" \/><\/p>\n<p><span style=\"color: #000000;\">El congresista Mauricio Mulder, vocero de la bancada aprista, calific\u00f3 de positivo el balance de la reuni\u00f3n con el Mandatario.<\/span><\/p>\n<p><span style=\"color: #000000;\">\u201cHemos encontrado un Presidente y un presidente del Consejo de Ministros con ganas de dialogar y con un talante explicativo del discurso de ayer y la carta que hoy remiti\u00f3 el premier al Congreso pidiendo presentarse el mi\u00e9rcoles\u201d, apunt\u00f3.<\/span><\/p>\n<p><span style=\"color: #000000;\">Los voceros de las bancadas parlamentarias, seg\u00fan dijo, informaron al jefe del Estado que la Junta de Portavoces acord\u00f3 recibir a C\u00e9sar Villanueva el mi\u00e9rcoles y explicaron que no era procedente su pedido de convocar a una sesi\u00f3n extraordinaria porque el Parlamento est\u00e1 en un periodo ordinario.<\/span><\/p>\n<p><strong><span style=\"color: #000000;\">Congreso avanza con dict\u00e1menes<\/span><\/strong><\/p>\n<p><span style=\"color: #000000;\">Finalmente, la congresista \u00darsula Letona, vocera de Fuerza Popular, inform\u00f3 que se\u00f1alaron al Mandatario que es irresponsable hablar de una cuesti\u00f3n de confianza cuando el Parlamento avanza bien en la aprobaci\u00f3n de los predict\u00e1menes.<\/span><\/p>\n<p><span style=\"color: #000000;\">\u201cEl presidente ha podido saber de primera mano las imprecisiones mencionadas en el mensaje, \u00e9l habla de que se habr\u00eda pretendido desnaturalizar las reforma colocando temas de la ONPE y Reniec, lo cual es falso, no le han explicado correctamente\u201d, afirm\u00f3.<\/span><\/p>\n","protected":false},"excerpt":{"rendered":"<p>Tras una reuni\u00f3n con el presidente Mart\u00edn Vizcarra, voceros de diferentes bancadas indicaron que estar\u00eda dado el camino para dar el voto de confianza al Gabinete. Lima, 17 de Setiembre 2018, (ANDINA).- Tras una reuni\u00f3n con el presidente Mart\u00edn Vizcarra, voceros de diferentes bancadas indicaron que estar\u00eda dado el camino para dar el voto de [&hellip;]<\/p>\n","protected":false},"author":1,"featured_media":33229,"comment_status":"open","ping_status":"open","sticky":false,"template":"","format":"standard","meta":{"rop_custom_images_group":[],"rop_custom_messages_group":[],"rop_publish_now":"initial","rop_publish_now_accounts":[],"rop_publish_now_history":[],"rop_publish_now_status":"pending","footnotes":""},"categories":[5],"tags":[853,192,289,3451],"class_list":["post-33227","post","type-post","status-publish","format-standard","has-post-thumbnail","hentry","category-actualidad-informativa","tag-cesar-villanueva","tag-congreso","tag-martin-vizcarra","tag-referendum"],"_links":{"self":[{"href":"https:\/\/elinformanteperu.com\/index.php\/wp-json\/wp\/v2\/posts\/33227","targetHints":{"allow":["GET"]}}],"collection":[{"href":"https:\/\/elinformanteperu.com\/index.php\/wp-json\/wp\/v2\/posts"}],"about":[{"href":"https:\/\/elinformanteperu.com\/index.php\/wp-json\/wp\/v2\/types\/post"}],"author":[{"embeddable":true,"href":"https:\/\/elinformanteperu.com\/index.php\/wp-json\/wp\/v2\/users\/1"}],"replies":[{"embeddable":true,"href":"https:\/\/elinformanteperu.com\/index.php\/wp-json\/wp\/v2\/comments?post=33227"}],"version-history":[{"count":1,"href":"https:\/\/elinformanteperu.com\/index.php\/wp-json\/wp\/v2\/posts\/33227\/revisions"}],"predecessor-version":[{"id":33232,"href":"https:\/\/elinformanteperu.com\/index.php\/wp-json\/wp\/v2\/posts\/33227\/revisions\/33232"}],"wp:featuredmedia":[{"embeddable":true,"href":"https:\/\/elinformanteperu.com\/index.php\/wp-json\/wp\/v2\/media\/33229"}],"wp:attachment":[{"href":"https:\/\/elinformanteperu.com\/index.php\/wp-json\/wp\/v2\/media?parent=33227"}],"wp:term":[{"taxonomy":"category","embeddable":true,"href":"https:\/\/elinformanteperu.com\/index.php\/wp-json\/wp\/v2\/categories?post=33227"},{"taxonomy":"post_tag","embeddable":true,"href":"https:\/\/elinformanteperu.com\/index.php\/wp-json\/wp\/v2\/tags?post=33227"}],"curies":[{"name":"wp","href":"https:\/\/api.w.org\/{rel}","templated":true}]}}