{"id":33223,"date":"2018-09-17T23:22:26","date_gmt":"2018-09-18T04:22:26","guid":{"rendered":"http:\/\/elinformanteperu.com\/?p=33223"},"modified":"2018-09-17T23:22:26","modified_gmt":"2018-09-18T04:22:26","slug":"comision-anticorrupcion-acuerda-retirar-a-pedro-chavarry-de-sus-sesiones","status":"publish","type":"post","link":"https:\/\/elinformanteperu.com\/index.php\/2018\/09\/17\/comision-anticorrupcion-acuerda-retirar-a-pedro-chavarry-de-sus-sesiones\/","title":{"rendered":"Comisi\u00f3n Anticorrupci\u00f3n acuerda retirar a Pedro Ch\u00e1varry de sus sesiones"},"content":{"rendered":"<p><strong><span style=\"color: #000000;\">La Comisi\u00f3n de Alto Nivel Anticorrupci\u00f3n (CAN) aprob\u00f3 pedir al fiscal de la Naci\u00f3n, Pedro Ch\u00e1varry Vargas, no participar en sus reuniones.<\/span><\/strong><\/p>\n<p><span style=\"color: #000000;\"><strong>Lima, 17 de Setiembre 2018, (ANDINA).-<\/strong> La Comisi\u00f3n de Alto Nivel Anticorrupci\u00f3n (CAN) aprob\u00f3 pedir al fiscal de la Naci\u00f3n, Pedro Ch\u00e1varry Vargas, no participar en sus reuniones mientas duren las investigaciones en su contra en distintos \u00e1mbitos jurisdiccionales.<\/span><\/p>\n<p><span style=\"color: #000000;\">Se tom\u00f3 este acuerdo por cuatro votos a favor, uno en contra y dos abstenciones, durante la sesi\u00f3n XXXII de este organismo, la misma que hab\u00eda sido suspendida el pasado 11 de setiembre.<\/span><\/p>\n<p><span style=\"color: #000000;\">Votaron a favor de este retiro el secretario t\u00e9cnico del Acuerdo Nacional, Javier Igui\u00f1ez; el presidente del Consejo de Ministros, C\u00e9sar Villanueva; el representante de la Asamblea Nacional de Gobiernos Regionales, Luis Valdez, y el ministro de Justicia y Derechos Humanos, Vicente Zeballos.<\/span><\/p>\n<p><span style=\"color: #000000;\">Se abstuvieron el presidente del Poder Judicial y de la CAN, V\u00edctor Prado, y el representante de la Asociaci\u00f3n de Municipalidades del Per\u00fa (AMPE), Yuri Vilela.<\/span><\/p>\n<p><span style=\"color: #000000;\">La tercera vicepresidenta del Congreso, Yeny Vilcatoma, vot\u00f3 en contra de excluir al fiscal Pedro Ch\u00e1varry de este organismo.<\/span><\/p>\n<p><span style=\"color: #000000;\">La CAN aclar\u00f3 que el Ministerio P\u00fablico puede nombrar a un nuevo representante para que asista a las sesiones futuras de este organismo.<\/span><\/p>\n<p><span style=\"color: #000000;\">Se acord\u00f3 asimismo que la CAN trabajar\u00e1 en una propuesta normativa para garantizar la representaci\u00f3n de una instituci\u00f3n miembro de esta entidad cuando su representante incurra en hechos que cuestionen gravemente su integridad y para que se pueda elegir a otra persona en su reemplazo.<\/span><\/p>\n<p><span style=\"color: #000000;\">El fiscal de la Naci\u00f3n, Pedro Ch\u00e1varry, enfrenta una denuncia constitucional en el Congreso por las coordinaciones con el suspendido juez supremo C\u00e9sar Hinostroza para sostener una reuni\u00f3n con periodistas, hecho que hab\u00eda negado en un inicio.<\/span><\/p>\n<p><span style=\"color: #000000;\">Fue comprendido adem\u00e1s en las indagaciones a la organizaci\u00f3n Los Cuellos Blancos del Puerto, raz\u00f3n por la cual diversos sectores pol\u00edticos y fiscales piden adoptar una decisi\u00f3n acorde a las intereses del Ministerio P\u00fablico.<\/span><\/p>\n","protected":false},"excerpt":{"rendered":"<p>La Comisi\u00f3n de Alto Nivel Anticorrupci\u00f3n (CAN) aprob\u00f3 pedir al fiscal de la Naci\u00f3n, Pedro Ch\u00e1varry Vargas, no participar en sus reuniones. Lima, 17 de Setiembre 2018, (ANDINA).- La Comisi\u00f3n de Alto Nivel Anticorrupci\u00f3n (CAN) aprob\u00f3 pedir al fiscal de la Naci\u00f3n, Pedro Ch\u00e1varry Vargas, no participar en sus reuniones mientas duren las investigaciones en [&hellip;]<\/p>\n","protected":false},"author":1,"featured_media":33225,"comment_status":"open","ping_status":"open","sticky":false,"template":"","format":"standard","meta":{"rop_custom_images_group":[],"rop_custom_messages_group":[],"rop_publish_now":"initial","rop_publish_now_accounts":[],"rop_publish_now_history":[],"rop_publish_now_status":"pending","footnotes":""},"categories":[5],"tags":[430,3209],"class_list":["post-33223","post","type-post","status-publish","format-standard","has-post-thumbnail","hentry","category-actualidad-informativa","tag-fiscalia","tag-pedro-chavarry"],"_links":{"self":[{"href":"https:\/\/elinformanteperu.com\/index.php\/wp-json\/wp\/v2\/posts\/33223","targetHints":{"allow":["GET"]}}],"collection":[{"href":"https:\/\/elinformanteperu.com\/index.php\/wp-json\/wp\/v2\/posts"}],"about":[{"href":"https:\/\/elinformanteperu.com\/index.php\/wp-json\/wp\/v2\/types\/post"}],"author":[{"embeddable":true,"href":"https:\/\/elinformanteperu.com\/index.php\/wp-json\/wp\/v2\/users\/1"}],"replies":[{"embeddable":true,"href":"https:\/\/elinformanteperu.com\/index.php\/wp-json\/wp\/v2\/comments?post=33223"}],"version-history":[{"count":1,"href":"https:\/\/elinformanteperu.com\/index.php\/wp-json\/wp\/v2\/posts\/33223\/revisions"}],"predecessor-version":[{"id":33226,"href":"https:\/\/elinformanteperu.com\/index.php\/wp-json\/wp\/v2\/posts\/33223\/revisions\/33226"}],"wp:featuredmedia":[{"embeddable":true,"href":"https:\/\/elinformanteperu.com\/index.php\/wp-json\/wp\/v2\/media\/33225"}],"wp:attachment":[{"href":"https:\/\/elinformanteperu.com\/index.php\/wp-json\/wp\/v2\/media?parent=33223"}],"wp:term":[{"taxonomy":"category","embeddable":true,"href":"https:\/\/elinformanteperu.com\/index.php\/wp-json\/wp\/v2\/categories?post=33223"},{"taxonomy":"post_tag","embeddable":true,"href":"https:\/\/elinformanteperu.com\/index.php\/wp-json\/wp\/v2\/tags?post=33223"}],"curies":[{"name":"wp","href":"https:\/\/api.w.org\/{rel}","templated":true}]}}