{"id":33217,"date":"2018-09-17T23:16:21","date_gmt":"2018-09-18T04:16:21","guid":{"rendered":"http:\/\/elinformanteperu.com\/?p=33217"},"modified":"2018-09-17T23:16:21","modified_gmt":"2018-09-18T04:16:21","slug":"ejecutivo-pedido-de-confianza-es-el-segundo-en-lo-que-va-del-gobierno","status":"publish","type":"post","link":"https:\/\/elinformanteperu.com\/index.php\/2018\/09\/17\/ejecutivo-pedido-de-confianza-es-el-segundo-en-lo-que-va-del-gobierno\/","title":{"rendered":"Ejecutivo: pedido de confianza es el segundo en lo que va del gobierno"},"content":{"rendered":"<p><strong><span style=\"color: #000000;\">El presidente del Consejo de Ministros, C\u00e9sar Villanueva, remiti\u00f3 un oficio al titular del Congreso en el que recuerda que la cuesti\u00f3n de confianza es la segunda en lo que va del actual gobierno.<\/span><\/strong><\/p>\n<p><span style=\"color: #000000;\"><strong>Lima, 17 de Setiembre 2018, (ANDINA).-<\/strong> El presidente del Consejo de Ministros, C\u00e9sar Villanueva, remiti\u00f3 un oficio al titular del Congreso, Daniel Salaverry, en el que recuerda que la cuesti\u00f3n de confianza solicitada por el jefe del Estado, Mart\u00edn Vizcarra, es la segunda en lo que va del actual gobierno.<\/span><\/p>\n<p><span style=\"color: #000000;\">\u201cPor medio del presente, me dirijo a usted para saludarlo y plantear, en nombre del Consejo de Ministros, de acuerdo a los art\u00edculos, 51, 126 y 133 de la Constituci\u00f3n Pol\u00edtica del Per\u00fa, por segunda vez en lo que va del Gobierno 2015-2021, cuesti\u00f3n de confianza ante el Congreso de la Rep\u00fablica\u201d, se\u00f1ala en su oficio.<\/span><\/p>\n<p><span style=\"color: #000000;\">De acuerdo a la Constituci\u00f3n, si el Congreso le niega la confianza al Ejecutivo en dos oportunidades, est\u00e1 facultado para decretar el cierre del Parlamento y convocar a nuevas elecciones.<\/span><\/p>\n<p><span style=\"color: #000000;\">El primer rechazo de la confianza solicitada por el Ejecutivo ocurri\u00f3 en setiembre del 2017 cuando el entonces presidente del Consejo de Ministros, Fernando Zavala, no consigui\u00f3 que el Parlamento respaldar\u00e1 la pol\u00edtica del gobierno de Pedro Pablo Kuczynski.<\/span><\/p>\n<p><span style=\"color: #000000;\">Algunos sectores del Congreso consideran que, en caso se deniegue la confianza al Gabinete Villanueva, reci\u00e9n contar\u00eda como la primera vez, pues el rechazo del respaldo a Zavala se produjo en el gobierno de Pedro Pablo Kuczynski y no en el de Vizcarra.<\/span><\/p>\n<p><span style=\"color: #000000;\">Seg\u00fan el oficio, la cuesti\u00f3n de confianza se sustenta en una afectaci\u00f3n grave e irrazonable de la pol\u00edtica general del gobierno, al haber transcurrido m\u00e1s de 40 d\u00edas sin que el Parlamento haya dado tr\u00e1mite prioritario y urgente a los cuatro proyectos de ley presentados para impulsar la reforma pol\u00edtica y judicial.<\/span><\/p>\n<p><span style=\"color: #000000;\">\u201cEn consecuencia, solicito a usted tenga a bien recibir a los miembros del Consejo de Ministros, y al suscrito, en el Pleno del Congreso, el mi\u00e9rcoles 19 de setiembre del 2018, a las 08:00 horas, a fin de sustentar la cuesti\u00f3n de confianza, para lograr el respaldo requerido para la implementaci\u00f3n de la Pol\u00edtica General del Gobierno, conforme a lo antes expuesto\u201d, se\u00f1ala el oficio.<\/span><\/p>\n","protected":false},"excerpt":{"rendered":"<p>El presidente del Consejo de Ministros, C\u00e9sar Villanueva, remiti\u00f3 un oficio al titular del Congreso en el que recuerda que la cuesti\u00f3n de confianza es la segunda en lo que va del actual gobierno. Lima, 17 de Setiembre 2018, (ANDINA).- El presidente del Consejo de Ministros, C\u00e9sar Villanueva, remiti\u00f3 un oficio al titular del Congreso, [&hellip;]<\/p>\n","protected":false},"author":1,"featured_media":26172,"comment_status":"open","ping_status":"open","sticky":false,"template":"","format":"standard","meta":{"rop_custom_images_group":[],"rop_custom_messages_group":[],"rop_publish_now":"initial","rop_publish_now_accounts":[],"rop_publish_now_history":[],"rop_publish_now_status":"pending","footnotes":""},"categories":[5],"tags":[853,192,289,3451],"class_list":["post-33217","post","type-post","status-publish","format-standard","has-post-thumbnail","hentry","category-actualidad-informativa","tag-cesar-villanueva","tag-congreso","tag-martin-vizcarra","tag-referendum"],"_links":{"self":[{"href":"https:\/\/elinformanteperu.com\/index.php\/wp-json\/wp\/v2\/posts\/33217","targetHints":{"allow":["GET"]}}],"collection":[{"href":"https:\/\/elinformanteperu.com\/index.php\/wp-json\/wp\/v2\/posts"}],"about":[{"href":"https:\/\/elinformanteperu.com\/index.php\/wp-json\/wp\/v2\/types\/post"}],"author":[{"embeddable":true,"href":"https:\/\/elinformanteperu.com\/index.php\/wp-json\/wp\/v2\/users\/1"}],"replies":[{"embeddable":true,"href":"https:\/\/elinformanteperu.com\/index.php\/wp-json\/wp\/v2\/comments?post=33217"}],"version-history":[{"count":1,"href":"https:\/\/elinformanteperu.com\/index.php\/wp-json\/wp\/v2\/posts\/33217\/revisions"}],"predecessor-version":[{"id":33219,"href":"https:\/\/elinformanteperu.com\/index.php\/wp-json\/wp\/v2\/posts\/33217\/revisions\/33219"}],"wp:featuredmedia":[{"embeddable":true,"href":"https:\/\/elinformanteperu.com\/index.php\/wp-json\/wp\/v2\/media\/26172"}],"wp:attachment":[{"href":"https:\/\/elinformanteperu.com\/index.php\/wp-json\/wp\/v2\/media?parent=33217"}],"wp:term":[{"taxonomy":"category","embeddable":true,"href":"https:\/\/elinformanteperu.com\/index.php\/wp-json\/wp\/v2\/categories?post=33217"},{"taxonomy":"post_tag","embeddable":true,"href":"https:\/\/elinformanteperu.com\/index.php\/wp-json\/wp\/v2\/tags?post=33217"}],"curies":[{"name":"wp","href":"https:\/\/api.w.org\/{rel}","templated":true}]}}