{"id":33143,"date":"2018-09-17T21:18:48","date_gmt":"2018-09-18T02:18:48","guid":{"rendered":"http:\/\/elinformanteperu.com\/?p=33143"},"modified":"2018-09-17T21:18:48","modified_gmt":"2018-09-18T02:18:48","slug":"carlos-vives-presenta-su-nuevo-video-clip-grabado-en-lima","status":"publish","type":"post","link":"https:\/\/elinformanteperu.com\/index.php\/2018\/09\/17\/carlos-vives-presenta-su-nuevo-video-clip-grabado-en-lima\/","title":{"rendered":"Carlos Vives presenta su nuevo video clip grabado en Lima"},"content":{"rendered":"<p><strong><span style=\"color: #000000;\">\u00abMa\u00f1ana\u00bb es la canci\u00f3n que Carlos vives protagoniza junto a su esposa teniendo como locaci\u00f3n a la ciudad de Lima. Atractivos peruanos y la Marca Per\u00fa se muestran a todo el mundo.<\/span><\/strong><\/p>\n<p><span style=\"color: #000000;\"><strong>Lima, 17 de Setiembre 2018, (El Informante Per\u00fa).-<\/strong> Haciendo un recorrido en bicicleta por la ciudad de Lima, (Per\u00fa), el astro colombiano Carlos Vives lanza su nuevo sencillo titulado, \u00abMa\u00f1ana\u00bb.<\/span><\/p>\n<p><span style=\"color: #000000;\">Junto a la canci\u00f3n entrega tambi\u00e9n el v\u00eddeo; una producci\u00f3n protagonizada por su esposa Claudia Elena y Lima (Per\u00fa), como escenario. A trav\u00e9s de los ojos de Carlos se muestra la ciudad en todo su esplendor. Una Lima que respeta su pasado y logra la armon\u00eda perfecta entre la tradici\u00f3n y la arquitectura contempor\u00e1nea. Recorrer sus calles es admirar sus iglesias y lugares m\u00e1gicos.<\/span><\/p>\n<p><img fetchpriority=\"high\" decoding=\"async\" class=\"aligncenter size-full wp-image-33146\" src=\"http:\/\/elinformanteperu.com\/wp-content\/uploads\/2018\/09\/ma\u00f1ana-carlos-vives1.png\" alt=\"\" width=\"800\" height=\"450\" srcset=\"https:\/\/elinformanteperu.com\/wp-content\/uploads\/2018\/09\/ma\u00f1ana-carlos-vives1.png 800w, https:\/\/elinformanteperu.com\/wp-content\/uploads\/2018\/09\/ma\u00f1ana-carlos-vives1-300x169.png 300w, https:\/\/elinformanteperu.com\/wp-content\/uploads\/2018\/09\/ma\u00f1ana-carlos-vives1-768x432.png 768w, https:\/\/elinformanteperu.com\/wp-content\/uploads\/2018\/09\/ma\u00f1ana-carlos-vives1-128x72.png 128w, https:\/\/elinformanteperu.com\/wp-content\/uploads\/2018\/09\/ma\u00f1ana-carlos-vives1-32x18.png 32w, https:\/\/elinformanteperu.com\/wp-content\/uploads\/2018\/09\/ma\u00f1ana-carlos-vives1-620x350.png 620w\" sizes=\"(max-width: 800px) 100vw, 800px\" \/><\/p>\n<p><span style=\"color: #000000;\">La bicicleta es el hilo conductor de \u00e9ste v\u00eddeo que se grabo durante 4 d\u00edas, un elemento con el que el cantautor se siente libre para encontrarse con la ciudad.<\/span><\/p>\n<p><span style=\"color: #000000;\">Se muestran espacios como el Parque de las Aguas, el restaurante Astrid y Gast\u00f3n en el que se deleita con platos t\u00edpicos peruanos, el Museo de Arte de Lima (MALI), el Centro Hist\u00f3rico y la playa de Miraflores, entre otros. Tambi\u00e9n participa el Coro Nacional de Ni\u00f1os de Per\u00fa.<\/span><\/p>\n<p><img decoding=\"async\" class=\"aligncenter size-full wp-image-33147\" src=\"http:\/\/elinformanteperu.com\/wp-content\/uploads\/2018\/09\/ma\u00f1ana-carlos-vives2.png\" alt=\"\" width=\"800\" height=\"602\" srcset=\"https:\/\/elinformanteperu.com\/wp-content\/uploads\/2018\/09\/ma\u00f1ana-carlos-vives2.png 800w, https:\/\/elinformanteperu.com\/wp-content\/uploads\/2018\/09\/ma\u00f1ana-carlos-vives2-300x226.png 300w, https:\/\/elinformanteperu.com\/wp-content\/uploads\/2018\/09\/ma\u00f1ana-carlos-vives2-768x578.png 768w, https:\/\/elinformanteperu.com\/wp-content\/uploads\/2018\/09\/ma\u00f1ana-carlos-vives2-128x96.png 128w, https:\/\/elinformanteperu.com\/wp-content\/uploads\/2018\/09\/ma\u00f1ana-carlos-vives2-32x24.png 32w\" sizes=\"(max-width: 800px) 100vw, 800px\" \/><\/p>\n<p><span style=\"color: #000000;\">\u00abQueremos mostrarle al mundo la diversidad de una ciudad como Lima, que lo tiene todo, monta\u00f1as, playa, una arquitectura preciosa, es lo m\u00e1ximo, un agradecimiento especial a Promper\u00fa por esta invitaci\u00f3n, para repetir siempre.\u00bb, afirma el artista.<\/span><\/p>\n<p><span style=\"color: #000000;\">Actualmente, su sencillo \u00abHoy Tengo Tiempo (Pinta Sensual)\u00bb ha encabezado las listas de popularidad en Colombia, Ecuador y Venezuela. Adem\u00e1s, ha acumulado m\u00e1s de 25 millones de reproducciones en las plataformas digitales. La canci\u00f3n es el 5\u00ba single del \u00e1lbum de Carlos Vives titulado Vives, que ha superado m\u00e1s de 2 mil millones de reproducciones digitales en todo el mundo e incluye el \u00e9xito mundial \u00abLa Bicicleta\u00bb junto a Shakira.<\/span><\/p>\n<p><iframe title=\"Carlos Vives - Ma\u00f1ana (Official Video)\" width=\"615\" height=\"346\" src=\"https:\/\/www.youtube.com\/embed\/OGDc0qJgUbQ?feature=oembed\" frameborder=\"0\" allow=\"accelerometer; autoplay; clipboard-write; encrypted-media; gyroscope; picture-in-picture; web-share\" referrerpolicy=\"strict-origin-when-cross-origin\" allowfullscreen><\/iframe><\/p>\n","protected":false},"excerpt":{"rendered":"<p>\u00abMa\u00f1ana\u00bb es la canci\u00f3n que Carlos vives protagoniza junto a su esposa teniendo como locaci\u00f3n a la ciudad de Lima. Atractivos peruanos y la Marca Per\u00fa se muestran a todo el mundo. Lima, 17 de Setiembre 2018, (El Informante Per\u00fa).- Haciendo un recorrido en bicicleta por la ciudad de Lima, (Per\u00fa), el astro colombiano Carlos [&hellip;]<\/p>\n","protected":false},"author":1,"featured_media":33145,"comment_status":"open","ping_status":"open","sticky":false,"template":"","format":"standard","meta":{"rop_custom_images_group":[],"rop_custom_messages_group":[],"rop_publish_now":"initial","rop_publish_now_accounts":[],"rop_publish_now_history":[],"rop_publish_now_status":"pending","footnotes":""},"categories":[69],"tags":[221,3546,1943,220],"class_list":["post-33143","post","type-post","status-publish","format-standard","has-post-thumbnail","hentry","category-musica","tag-carlos-vives","tag-manana","tag-promperu","tag-shakira"],"_links":{"self":[{"href":"https:\/\/elinformanteperu.com\/index.php\/wp-json\/wp\/v2\/posts\/33143","targetHints":{"allow":["GET"]}}],"collection":[{"href":"https:\/\/elinformanteperu.com\/index.php\/wp-json\/wp\/v2\/posts"}],"about":[{"href":"https:\/\/elinformanteperu.com\/index.php\/wp-json\/wp\/v2\/types\/post"}],"author":[{"embeddable":true,"href":"https:\/\/elinformanteperu.com\/index.php\/wp-json\/wp\/v2\/users\/1"}],"replies":[{"embeddable":true,"href":"https:\/\/elinformanteperu.com\/index.php\/wp-json\/wp\/v2\/comments?post=33143"}],"version-history":[{"count":1,"href":"https:\/\/elinformanteperu.com\/index.php\/wp-json\/wp\/v2\/posts\/33143\/revisions"}],"predecessor-version":[{"id":33148,"href":"https:\/\/elinformanteperu.com\/index.php\/wp-json\/wp\/v2\/posts\/33143\/revisions\/33148"}],"wp:featuredmedia":[{"embeddable":true,"href":"https:\/\/elinformanteperu.com\/index.php\/wp-json\/wp\/v2\/media\/33145"}],"wp:attachment":[{"href":"https:\/\/elinformanteperu.com\/index.php\/wp-json\/wp\/v2\/media?parent=33143"}],"wp:term":[{"taxonomy":"category","embeddable":true,"href":"https:\/\/elinformanteperu.com\/index.php\/wp-json\/wp\/v2\/categories?post=33143"},{"taxonomy":"post_tag","embeddable":true,"href":"https:\/\/elinformanteperu.com\/index.php\/wp-json\/wp\/v2\/tags?post=33143"}],"curies":[{"name":"wp","href":"https:\/\/api.w.org\/{rel}","templated":true}]}}