{"id":3311,"date":"2016-12-28T01:08:56","date_gmt":"2016-12-28T06:08:56","guid":{"rendered":"http:\/\/elinformanteperu.com\/?p=3311"},"modified":"2016-12-28T01:08:56","modified_gmt":"2016-12-28T06:08:56","slug":"descartan-problemas-en-el-colon-al-senor-barriga","status":"publish","type":"post","link":"https:\/\/elinformanteperu.com\/index.php\/2016\/12\/28\/descartan-problemas-en-el-colon-al-senor-barriga\/","title":{"rendered":"Descartan problemas en el colon al \u00abSe\u00f1or Barriga\u00bb"},"content":{"rendered":"<p><strong>El actor mexicano Edgar Vivar, mejor conocido como el \u00abSe\u00f1or Barriga\u00bb, confirm\u00f3 que le descartaron p\u00f3lipos o divert\u00edculos en el colon.<\/strong><\/p>\n<p><strong>Lima, 27 Diciembre 2016, (ANDINA).-<\/strong> El actor mexicano Edgar Vivar, mejor conocido como el \u00abSe\u00f1or Barriga\u00bb, confirm\u00f3 que le descartaron p\u00f3lipos o divert\u00edculos en el colon, tras someterse a un examen m\u00e9dico.<\/p>\n<p>\u00abTuve que suspender mis compromisos porque me indicaron previa a la toma de la muestra una dieta que me ten\u00eda muy pendiente del ba\u00f1o y era inc\u00f3modo. Afortunadamente pude realizar sin mayores contratiempos el examen\u00bb, explic\u00f3 el actor.<\/p>\n<p>El actor de 72 a\u00f1os de edad confirm\u00f3 que estos ex\u00e1menes eran para descartar que no perdiera sangre por el tubo digestivo, ya que presenta un cuadro de anemia que los doctores est\u00e1n tratando.<\/p>\n<p>\u00abEstoy con anemia leve, pero ya lo est\u00e1n corrigiendo\u00bb.<\/p>\n<p>Tambi\u00e9n confirm\u00f3 que su madre se encuentra delicada, pero estable.<\/p>\n<p><img fetchpriority=\"high\" decoding=\"async\" class=\"size-full wp-image-3313 aligncenter\" src=\"http:\/\/elinformanteperu.com\/wp-content\/uploads\/2016\/12\/edgar-vivar1.jpg\" alt=\"\" width=\"770\" height=\"433\" srcset=\"https:\/\/elinformanteperu.com\/wp-content\/uploads\/2016\/12\/edgar-vivar1.jpg 770w, https:\/\/elinformanteperu.com\/wp-content\/uploads\/2016\/12\/edgar-vivar1-300x169.jpg 300w, https:\/\/elinformanteperu.com\/wp-content\/uploads\/2016\/12\/edgar-vivar1-768x432.jpg 768w, https:\/\/elinformanteperu.com\/wp-content\/uploads\/2016\/12\/edgar-vivar1-128x72.jpg 128w, https:\/\/elinformanteperu.com\/wp-content\/uploads\/2016\/12\/edgar-vivar1-32x18.jpg 32w, https:\/\/elinformanteperu.com\/wp-content\/uploads\/2016\/12\/edgar-vivar1-620x350.jpg 620w\" sizes=\"(max-width: 770px) 100vw, 770px\" \/><\/p>\n","protected":false},"excerpt":{"rendered":"<p>El actor mexicano Edgar Vivar, mejor conocido como el \u00abSe\u00f1or Barriga\u00bb, confirm\u00f3 que le descartaron p\u00f3lipos o divert\u00edculos en el colon. Lima, 27 Diciembre 2016, (ANDINA).- El actor mexicano Edgar Vivar, mejor conocido como el \u00abSe\u00f1or Barriga\u00bb, confirm\u00f3 que le descartaron p\u00f3lipos o divert\u00edculos en el colon, tras someterse a un examen m\u00e9dico. \u00abTuve que [&hellip;]<\/p>\n","protected":false},"author":1,"featured_media":3312,"comment_status":"open","ping_status":"open","sticky":false,"template":"","format":"standard","meta":{"rop_custom_images_group":[],"rop_custom_messages_group":[],"rop_publish_now":"initial","rop_publish_now_accounts":[],"rop_publish_now_history":[],"rop_publish_now_status":"pending","footnotes":""},"categories":[70],"tags":[662],"class_list":["post-3311","post","type-post","status-publish","format-standard","has-post-thumbnail","hentry","category-farandula","tag-edgar-vivar"],"_links":{"self":[{"href":"https:\/\/elinformanteperu.com\/index.php\/wp-json\/wp\/v2\/posts\/3311","targetHints":{"allow":["GET"]}}],"collection":[{"href":"https:\/\/elinformanteperu.com\/index.php\/wp-json\/wp\/v2\/posts"}],"about":[{"href":"https:\/\/elinformanteperu.com\/index.php\/wp-json\/wp\/v2\/types\/post"}],"author":[{"embeddable":true,"href":"https:\/\/elinformanteperu.com\/index.php\/wp-json\/wp\/v2\/users\/1"}],"replies":[{"embeddable":true,"href":"https:\/\/elinformanteperu.com\/index.php\/wp-json\/wp\/v2\/comments?post=3311"}],"version-history":[{"count":1,"href":"https:\/\/elinformanteperu.com\/index.php\/wp-json\/wp\/v2\/posts\/3311\/revisions"}],"predecessor-version":[{"id":3314,"href":"https:\/\/elinformanteperu.com\/index.php\/wp-json\/wp\/v2\/posts\/3311\/revisions\/3314"}],"wp:featuredmedia":[{"embeddable":true,"href":"https:\/\/elinformanteperu.com\/index.php\/wp-json\/wp\/v2\/media\/3312"}],"wp:attachment":[{"href":"https:\/\/elinformanteperu.com\/index.php\/wp-json\/wp\/v2\/media?parent=3311"}],"wp:term":[{"taxonomy":"category","embeddable":true,"href":"https:\/\/elinformanteperu.com\/index.php\/wp-json\/wp\/v2\/categories?post=3311"},{"taxonomy":"post_tag","embeddable":true,"href":"https:\/\/elinformanteperu.com\/index.php\/wp-json\/wp\/v2\/tags?post=3311"}],"curies":[{"name":"wp","href":"https:\/\/api.w.org\/{rel}","templated":true}]}}