{"id":33051,"date":"2018-09-16T14:34:59","date_gmt":"2018-09-16T19:34:59","guid":{"rendered":"http:\/\/elinformanteperu.com\/?p=33051"},"modified":"2018-09-16T14:34:59","modified_gmt":"2018-09-16T19:34:59","slug":"elecciones-2018-asi-seran-los-debates-del-23-y-30-de-setiembre","status":"publish","type":"post","link":"https:\/\/elinformanteperu.com\/index.php\/2018\/09\/16\/elecciones-2018-asi-seran-los-debates-del-23-y-30-de-setiembre\/","title":{"rendered":"Elecciones 2018: as\u00ed ser\u00e1n los debates del 23 y 30 de setiembre"},"content":{"rendered":"<p><strong><span style=\"color: #000000;\">Tras el sorteo realizado esta semana, el Jurado Nacional de Elecciones (JNE) defini\u00f3 los dos grupos de candidatos a la alcald\u00eda de Lima que participar\u00e1n en los debates.<\/span><\/strong><\/p>\n<p><span style=\"color: #000000;\"><strong>Lima, 16 de Setiembre 2018, (ANDINA).-<\/strong> Tras el sorteo realizado esta semana, el Jurado Nacional de Elecciones (JNE) defini\u00f3 los dos grupos de candidatos a la alcald\u00eda de Lima que participar\u00e1n en los debates programados para el 23 y 30 de setiembre.<\/span><\/p>\n<p><strong><span style=\"color: #000000;\">Grupos y temas<\/span><\/strong><\/p>\n<p><span style=\"color: #000000;\">Ser\u00e1n dos grupos de diez para cada debate, en los cuales los candidatos podr\u00e1n exponer y confrontar sus planes de gobierno, a fin de que la poblaci\u00f3n los conozca.<\/span><\/p>\n<p><span style=\"color: #000000;\">Los temas ya fueron definidos: seguridad ciudadana, transporte p\u00fablico, limpieza p\u00fablica, gesti\u00f3n de residuos s\u00f3lidos y contaminaci\u00f3n ambiental.<\/span><\/p>\n<p><span style=\"color: #000000;\">Asimismo, se ha incluido lucha contra la corrupci\u00f3n, comercio informal y ambulatorio, prevenci\u00f3n ante desastres naturales y apoyo a la cultura.<\/span><\/p>\n<p><span style=\"color: #000000;\">Los encuentros ser\u00e1n a partir de las 19.00 horas en el Centro de Convenciones de Lima, en el distrito de San Borja.<\/span><\/p>\n<p><span style=\"color: #000000;\">A fin de que la ciudadan\u00eda tenga alcance de su contenido, ser\u00e1n transmitidos en directo por TV Per\u00fa y por el Jurado Nacional de Elecciones (JNE) a trav\u00e9s de sus plataformas y redes sociales.<\/span><\/p>\n<p><strong><span style=\"color: #000000;\">Candidatos del 23 de setiembre<\/span><\/strong><\/p>\n<p><span style=\"color: #000000;\">Aquel d\u00eda los candidatos intervendr\u00e1n en este orden: Luis Casta\u00f1eda Pardo (Solidaridad Nacional), Jorge Villacorta Carranza (Peruanos por el Kambio), Jaime Salinas L\u00f3pez Torres (Alianza para el Progreso), Esther Capu\u00f1ay Quispe (Uni\u00f3n por el Per\u00fa), y Jorge Mu\u00f1oz Wells (Acci\u00f3n Popular).<\/span><\/p>\n<p><span style=\"color: #000000;\">Seguir\u00e1n Daniel Urresti Elera (Podemos por el Progreso del Per\u00fa), Juan Carlos Zurek Pardo Figueroa (Somos Per\u00fa), Luis Ocrospoma Pella (Per\u00fa Naci\u00f3n), Renzo Reggiardo Barreto (Per\u00fa Patria Segura) y Pablo Silva Rojas (Frente Popular Agr\u00edcola FIA del Per\u00fa &#8211; Frepap).<\/span><\/p>\n<p><strong><span style=\"color: #000000;\">Candidatos del 30 de setiembre<\/span><\/strong><\/p>\n<p><span style=\"color: #000000;\">Participar\u00e1n en dicha fecha ser\u00e1 en el siguiente orden: Alberto Beingolea Delgado (Partido Popular Cristiano- PPC), Roberto G\u00f3mez Baca (Vamos Per\u00fa), Gustavo Guerra Garc\u00eda Picasso (Juntos por el Per\u00fa), Humberto Lay Sun (Restauraci\u00f3n Nacional).<\/span><\/p>\n<p><span style=\"color: #000000;\">Luego ser\u00e1 el turno de Manuel Velarde Dellepiane (Siempre Unidos), Ricardo Belmont Cassinelli (Per\u00fa Libertario), Julio C\u00e9sar Gag\u00f3 P\u00e9rez (Avanza Pa\u00eds), Enrique Cornejo Ram\u00edrez (Democracia Directa), Diethell Columbus Murata (Fuerza Popular) y Carlos Enrique Fern\u00e1ndez Chac\u00f3n (Frente Amplio por Justicia, Vida y Libertad).<\/span><\/p>\n<p><span style=\"color: #000000;\">Las Elecciones Regionales y Municipales 2018 ser\u00e1n el domingo 7 de octubre.<\/span><\/p>\n","protected":false},"excerpt":{"rendered":"<p>Tras el sorteo realizado esta semana, el Jurado Nacional de Elecciones (JNE) defini\u00f3 los dos grupos de candidatos a la alcald\u00eda de Lima que participar\u00e1n en los debates. Lima, 16 de Setiembre 2018, (ANDINA).- Tras el sorteo realizado esta semana, el Jurado Nacional de Elecciones (JNE) defini\u00f3 los dos grupos de candidatos a la alcald\u00eda [&hellip;]<\/p>\n","protected":false},"author":1,"featured_media":29764,"comment_status":"open","ping_status":"open","sticky":false,"template":"","format":"standard","meta":{"rop_custom_images_group":[],"rop_custom_messages_group":[],"rop_publish_now":"initial","rop_publish_now_accounts":[],"rop_publish_now_history":[],"rop_publish_now_status":"pending","footnotes":""},"categories":[5],"tags":[1537,185],"class_list":["post-33051","post","type-post","status-publish","format-standard","has-post-thumbnail","hentry","category-actualidad-informativa","tag-elecciones-municipales-2018","tag-jurado-nacional-de-elecciones"],"_links":{"self":[{"href":"https:\/\/elinformanteperu.com\/index.php\/wp-json\/wp\/v2\/posts\/33051","targetHints":{"allow":["GET"]}}],"collection":[{"href":"https:\/\/elinformanteperu.com\/index.php\/wp-json\/wp\/v2\/posts"}],"about":[{"href":"https:\/\/elinformanteperu.com\/index.php\/wp-json\/wp\/v2\/types\/post"}],"author":[{"embeddable":true,"href":"https:\/\/elinformanteperu.com\/index.php\/wp-json\/wp\/v2\/users\/1"}],"replies":[{"embeddable":true,"href":"https:\/\/elinformanteperu.com\/index.php\/wp-json\/wp\/v2\/comments?post=33051"}],"version-history":[{"count":1,"href":"https:\/\/elinformanteperu.com\/index.php\/wp-json\/wp\/v2\/posts\/33051\/revisions"}],"predecessor-version":[{"id":33053,"href":"https:\/\/elinformanteperu.com\/index.php\/wp-json\/wp\/v2\/posts\/33051\/revisions\/33053"}],"wp:featuredmedia":[{"embeddable":true,"href":"https:\/\/elinformanteperu.com\/index.php\/wp-json\/wp\/v2\/media\/29764"}],"wp:attachment":[{"href":"https:\/\/elinformanteperu.com\/index.php\/wp-json\/wp\/v2\/media?parent=33051"}],"wp:term":[{"taxonomy":"category","embeddable":true,"href":"https:\/\/elinformanteperu.com\/index.php\/wp-json\/wp\/v2\/categories?post=33051"},{"taxonomy":"post_tag","embeddable":true,"href":"https:\/\/elinformanteperu.com\/index.php\/wp-json\/wp\/v2\/tags?post=33051"}],"curies":[{"name":"wp","href":"https:\/\/api.w.org\/{rel}","templated":true}]}}