{"id":33044,"date":"2018-09-16T14:26:24","date_gmt":"2018-09-16T19:26:24","guid":{"rendered":"http:\/\/elinformanteperu.com\/?p=33044"},"modified":"2018-09-16T14:26:24","modified_gmt":"2018-09-16T19:26:24","slug":"el-callao-necesita-mas-de-6000-policias-para-reducir-la-delincuencia","status":"publish","type":"post","link":"https:\/\/elinformanteperu.com\/index.php\/2018\/09\/16\/el-callao-necesita-mas-de-6000-policias-para-reducir-la-delincuencia\/","title":{"rendered":"El Callao necesita m\u00e1s de 6,000 polic\u00edas para reducir la delincuencia"},"content":{"rendered":"<p><strong><span style=\"color: #000000;\">El Callao necesita m\u00e1s de 6,000 polic\u00edas para luchar mejor contra la delincuencia y reducir de manera considerable los altos \u00edndices de inseguridad.<\/span><\/strong><\/p>\n<p><span style=\"color: #000000;\"><strong>Lima, 16 de Setiembre 2018, (ANDINA).-<\/strong> El Callao necesita m\u00e1s de 6,000 polic\u00edas para luchar mejor contra la delincuencia y reducir de manera considerable los altos \u00edndices de inseguridad que a\u00fan se perciben entre la poblaci\u00f3n chalaca, manifest\u00f3 el general Miguel Palomino, jefe de la Regi\u00f3n Policial del primer puerto.<\/span><\/p>\n<p><span style=\"color: #000000;\">\u201cEn el Callao tenemos m\u00e1s de 3,000 efectivos, pero a\u00fan as\u00ed es insuficiente. El doble ser\u00eda ideal, yo lo aplaudir\u00eda\u201d, recalc\u00f3 Palomino en declaraciones a la Agencia Andina.<\/span><\/p>\n<p><span style=\"color: #000000;\">Tras destacar las recientes cifras del INEI, que se\u00f1alan una reducci\u00f3n del 3 % en la percepci\u00f3n de inseguridad en el Callao, Palomino dijo que la Polic\u00eda trabaja de manera incansable, realizando a diario operativos contra la delincuencia.<\/span><\/p>\n<p><span style=\"color: #000000;\">\u201cNo hay semana que no recuperemos armas con el n\u00famero borrado o que capturemos bandas. Solo en agosto tuvimos m\u00e1s de 2,300 capturas por delitos contra el patrimonio\u201d, anot\u00f3.<\/span><\/p>\n<p><span style=\"color: #000000;\">Sostuvo, sin embargo, que los robos, los asaltos, las lesiones y homicidios se siguen registrando en el Callao, y que la \u00fanica manera de revertir esa realidad es continuar con los operativos que realiza la Polic\u00eda.<\/span><\/p>\n<p><span style=\"color: #000000;\">\u201cC\u00f3mo saber que una persona tiene un arma o que va a cometer un delito. Lo que hacemos es ejecutar operativos, controlar en la calle, revisar veh\u00edculos, revisar personas y encontramos armas. Yo calculo que hemos incautado m\u00e1s de 200 armas en lo que va del a\u00f1o\u201d, indic\u00f3.<\/span><\/p>\n<p><span style=\"color: #000000;\">Palomino refiri\u00f3 que, de esta manera, la Polic\u00eda le quita el insumo a los delincuentes, que es el arma de fuego, evitando asaltos, robos, homicidios o lesiones.<\/span><\/p>\n<p><span style=\"color: #000000;\">\u201cEs como cuando t\u00fa retiras del camino a un chofer ebrio. Lo salvas a \u00e9l y salvas a 4 o 6 potenciales muertos, heridos o personas con discapacidad\u201d, asever\u00f3.<\/span><\/p>\n<p><span style=\"color: #000000;\">Revel\u00f3 igualmente que todos los fines de semana la Polic\u00eda ejecuta un promedio de 100 operativos en el Callao ante la gran cantidad de acciones delincuenciales que se registran, producto del alto consumo de alcohol en la zona.<\/span><\/p>\n<p><strong><span style=\"color: #000000;\">Barrio Seguro<\/span><\/strong><\/p>\n<p><span style=\"color: #000000;\">En otro momento, Palomino hizo una invocaci\u00f3n a todos los sectores comprometidos en llevar adelante la estrategia intersectorial Barrio Seguro que impulsa el Ministerio del Interior (Mininter) para que tomen con mayor inter\u00e9s este proyecto en el Callao.<\/span><\/p>\n<p><span style=\"color: #000000;\">\u201cCuidar una zona, que es tarea de la Polic\u00eda, es una actividad. Pero cambiar ese escenario, darles oportunidades de trabajo o de estudio requiere del concurso de todos los sectores que participan en Barrio Seguro\u201d, subray\u00f3.<\/span><\/p>\n","protected":false},"excerpt":{"rendered":"<p>El Callao necesita m\u00e1s de 6,000 polic\u00edas para luchar mejor contra la delincuencia y reducir de manera considerable los altos \u00edndices de inseguridad. Lima, 16 de Setiembre 2018, (ANDINA).- El Callao necesita m\u00e1s de 6,000 polic\u00edas para luchar mejor contra la delincuencia y reducir de manera considerable los altos \u00edndices de inseguridad que a\u00fan se [&hellip;]<\/p>\n","protected":false},"author":1,"featured_media":33046,"comment_status":"open","ping_status":"open","sticky":false,"template":"","format":"standard","meta":{"rop_custom_images_group":[],"rop_custom_messages_group":[],"rop_publish_now":"initial","rop_publish_now_accounts":[],"rop_publish_now_history":[],"rop_publish_now_status":"pending","footnotes":""},"categories":[10],"tags":[535,280,281],"class_list":["post-33044","post","type-post","status-publish","format-standard","has-post-thumbnail","hentry","category-actualidad-municipal","tag-callao","tag-ministerio-del-interior","tag-policia-nacional"],"_links":{"self":[{"href":"https:\/\/elinformanteperu.com\/index.php\/wp-json\/wp\/v2\/posts\/33044","targetHints":{"allow":["GET"]}}],"collection":[{"href":"https:\/\/elinformanteperu.com\/index.php\/wp-json\/wp\/v2\/posts"}],"about":[{"href":"https:\/\/elinformanteperu.com\/index.php\/wp-json\/wp\/v2\/types\/post"}],"author":[{"embeddable":true,"href":"https:\/\/elinformanteperu.com\/index.php\/wp-json\/wp\/v2\/users\/1"}],"replies":[{"embeddable":true,"href":"https:\/\/elinformanteperu.com\/index.php\/wp-json\/wp\/v2\/comments?post=33044"}],"version-history":[{"count":1,"href":"https:\/\/elinformanteperu.com\/index.php\/wp-json\/wp\/v2\/posts\/33044\/revisions"}],"predecessor-version":[{"id":33047,"href":"https:\/\/elinformanteperu.com\/index.php\/wp-json\/wp\/v2\/posts\/33044\/revisions\/33047"}],"wp:featuredmedia":[{"embeddable":true,"href":"https:\/\/elinformanteperu.com\/index.php\/wp-json\/wp\/v2\/media\/33046"}],"wp:attachment":[{"href":"https:\/\/elinformanteperu.com\/index.php\/wp-json\/wp\/v2\/media?parent=33044"}],"wp:term":[{"taxonomy":"category","embeddable":true,"href":"https:\/\/elinformanteperu.com\/index.php\/wp-json\/wp\/v2\/categories?post=33044"},{"taxonomy":"post_tag","embeddable":true,"href":"https:\/\/elinformanteperu.com\/index.php\/wp-json\/wp\/v2\/tags?post=33044"}],"curies":[{"name":"wp","href":"https:\/\/api.w.org\/{rel}","templated":true}]}}