{"id":33041,"date":"2018-09-16T14:22:58","date_gmt":"2018-09-16T19:22:58","guid":{"rendered":"http:\/\/elinformanteperu.com\/?p=33041"},"modified":"2018-09-16T14:22:58","modified_gmt":"2018-09-16T19:22:58","slug":"sentenciados-que-no-paguen-reparacion-civil-no-seran-rehabilitados-legalmente","status":"publish","type":"post","link":"https:\/\/elinformanteperu.com\/index.php\/2018\/09\/16\/sentenciados-que-no-paguen-reparacion-civil-no-seran-rehabilitados-legalmente\/","title":{"rendered":"Sentenciados que no paguen reparaci\u00f3n civil no ser\u00e1n rehabilitados legalmente"},"content":{"rendered":"<p><strong><span style=\"color: #000000;\">Los sentenciados que cumplan sus condenas y salgan libres pero no paguen el \u00edntegro de su reparaci\u00f3n civil se considerar\u00e1n rehabilitados para la ley.<\/span><\/strong><\/p>\n<p><span style=\"color: #000000;\"><strong>Lima, 16 de Setiembre 2018, (ANDINA).-<\/strong> Los sentenciados que cumplan sus condenas y salgan libres pero no paguen el \u00edntegro de su reparaci\u00f3n civil impuesta por la justicia no se considerar\u00e1n rehabilitados para la ley, es decir que se mantendr\u00e1n sus antecedentes penales.<\/span><\/p>\n<p><span style=\"color: #000000;\">As\u00ed lo establece el Decreto Legislativo 1453 que modifica el C\u00f3digo Penal, y que es publicado hoy el diario oficial El Peruano.<\/span><\/p>\n<p><span style=\"color: #000000;\">Cabe indicar que antes de esta modificaci\u00f3n el hecho de cumplir la sentencia restitu\u00eda los derechos suspendidos a los sentenciados autom\u00e1ticamente.<\/span><\/p>\n<p><span style=\"color: #000000;\">La norma precisa tambi\u00e9n que la rehabilitaci\u00f3n autom\u00e1tica no rige para los sentenciados por cualquier delito contra la administraci\u00f3n p\u00fablica (corrupci\u00f3n).<\/span><\/p>\n<p><span style=\"color: #000000;\">La emisi\u00f3n de este Decreto legislativo se hace al amparo de las facultades legislativas otorgadas por el Congreso de la Rep\u00fablica al Poder Ejecutivo.<\/span><\/p>\n<p><span style=\"color: #000000;\">Consultado sobre el tema, el abogado penalista Luis Lamas Puccio salud\u00f3 esta decisi\u00f3n al se\u00f1alar que es muy positivo que se exija el pago \u00edntegro de la reparaci\u00f3n civil, ya que muchos sentenciados sal\u00edan en libertad y se les borrar\u00e1n sus antecedentes sin m\u00e1s tr\u00e1mites pese a que no hab\u00edan pagado nada.<\/span><\/p>\n<p><span style=\"color: #000000;\">En el caso de los delitos contra la administraci\u00f3n p\u00fablica el especialista manifest\u00f3 que es una buena estrategia para luchar contra la corrupci\u00f3n que en los \u00faltimos meses se ha podido apreciar en toda su dimensi\u00f3n.<\/span><\/p>\n","protected":false},"excerpt":{"rendered":"<p>Los sentenciados que cumplan sus condenas y salgan libres pero no paguen el \u00edntegro de su reparaci\u00f3n civil se considerar\u00e1n rehabilitados para la ley. Lima, 16 de Setiembre 2018, (ANDINA).- Los sentenciados que cumplan sus condenas y salgan libres pero no paguen el \u00edntegro de su reparaci\u00f3n civil impuesta por la justicia no se considerar\u00e1n [&hellip;]<\/p>\n","protected":false},"author":1,"featured_media":24120,"comment_status":"open","ping_status":"open","sticky":false,"template":"","format":"standard","meta":{"rop_custom_images_group":[],"rop_custom_messages_group":[],"rop_publish_now":"initial","rop_publish_now_accounts":[],"rop_publish_now_history":[],"rop_publish_now_status":"pending","footnotes":""},"categories":[10],"tags":[1421,163],"class_list":["post-33041","post","type-post","status-publish","format-standard","has-post-thumbnail","hentry","category-actualidad-municipal","tag-poder-ejecutivo","tag-poder-judicial"],"_links":{"self":[{"href":"https:\/\/elinformanteperu.com\/index.php\/wp-json\/wp\/v2\/posts\/33041","targetHints":{"allow":["GET"]}}],"collection":[{"href":"https:\/\/elinformanteperu.com\/index.php\/wp-json\/wp\/v2\/posts"}],"about":[{"href":"https:\/\/elinformanteperu.com\/index.php\/wp-json\/wp\/v2\/types\/post"}],"author":[{"embeddable":true,"href":"https:\/\/elinformanteperu.com\/index.php\/wp-json\/wp\/v2\/users\/1"}],"replies":[{"embeddable":true,"href":"https:\/\/elinformanteperu.com\/index.php\/wp-json\/wp\/v2\/comments?post=33041"}],"version-history":[{"count":1,"href":"https:\/\/elinformanteperu.com\/index.php\/wp-json\/wp\/v2\/posts\/33041\/revisions"}],"predecessor-version":[{"id":33043,"href":"https:\/\/elinformanteperu.com\/index.php\/wp-json\/wp\/v2\/posts\/33041\/revisions\/33043"}],"wp:featuredmedia":[{"embeddable":true,"href":"https:\/\/elinformanteperu.com\/index.php\/wp-json\/wp\/v2\/media\/24120"}],"wp:attachment":[{"href":"https:\/\/elinformanteperu.com\/index.php\/wp-json\/wp\/v2\/media?parent=33041"}],"wp:term":[{"taxonomy":"category","embeddable":true,"href":"https:\/\/elinformanteperu.com\/index.php\/wp-json\/wp\/v2\/categories?post=33041"},{"taxonomy":"post_tag","embeddable":true,"href":"https:\/\/elinformanteperu.com\/index.php\/wp-json\/wp\/v2\/tags?post=33041"}],"curies":[{"name":"wp","href":"https:\/\/api.w.org\/{rel}","templated":true}]}}