{"id":32983,"date":"2018-09-16T13:14:27","date_gmt":"2018-09-16T18:14:27","guid":{"rendered":"http:\/\/elinformanteperu.com\/?p=32983"},"modified":"2018-09-16T13:14:27","modified_gmt":"2018-09-16T18:14:27","slug":"gregorio-pernia-rodara-cinta-nacional-en-la-selva-de-nuestro-pais","status":"publish","type":"post","link":"https:\/\/elinformanteperu.com\/index.php\/2018\/09\/16\/gregorio-pernia-rodara-cinta-nacional-en-la-selva-de-nuestro-pais\/","title":{"rendered":"Gregorio Pern\u00eda rodar\u00e1 cinta nacional en la selva de nuestro pa\u00eds"},"content":{"rendered":"<p><strong><span style=\"color: #000000;\">El actor colombiano Gregorio Pern\u00eda lleg\u00f3 a Lima para sumarse al elenco de una nueva pel\u00edcula peruana que se rodar\u00e1 en Lima y la selva durante quince d\u00edas.<\/span><\/strong><\/p>\n<p><span style=\"color: #000000;\"><strong>Lima, 16 de Setiembre 2018, (ANDINA).-\u00a0<\/strong> El conocido actor colombiano Gregorio Pern\u00eda lleg\u00f3 a Lima para sumarse al elenco de una nueva pel\u00edcula peruana que se rodar\u00e1 en Lima y la selva durante quince d\u00edas.<\/span><\/p>\n<p><span style=\"color: #000000;\">El actor de 48 a\u00f1os arrib\u00f3 el \u00faltimo jueves a nuestro pa\u00eds y se mostr\u00f3 complacido de trabajar al lado de un nutrido elenco de actores peruanos.<\/span><\/p>\n<p><span style=\"color: #000000;\">La experimentada figura colombiana se hizo conocido en nuestras pantallas a ra\u00edz de la telenovela \u00abSin senos no hay para\u00edso\u00bb.<\/span><\/p>\n<p><span style=\"color: #000000;\">Y justamente actualmente est\u00e1 inmerso en las grabaciones de la nueva temporada de la serie titulada Sin senos s\u00ed hay para\u00eddo, al lado de la actriz Carmen Villalobos para la cadena Telemundo.<\/span><\/p>\n<p><span style=\"color: #000000;\">Pern\u00eda tiene un gran afecto a los peruanos ya que conoce mucho de nuestra cultura y tiene grandes amigos en el pa\u00eds, por lo que asegura pes\u00f3 en su decisi\u00f3n de incorporarse al rodaje.<\/span><\/p>\n<p><span style=\"color: #000000;\">El actor colombiano tambi\u00e9n ser\u00e1 parte de un comedia cuyo personaje es \u201cLa Macarena\u201d. En esta historia, que se llevar\u00e1 al cine, encarna a un hombre se viste mujer y hasta contrae nupcias para defender un orfanato.<\/span><\/p>\n<p><img fetchpriority=\"high\" decoding=\"async\" class=\"aligncenter size-full wp-image-32986\" src=\"http:\/\/elinformanteperu.com\/wp-content\/uploads\/2018\/09\/gregorio-pernia1.jpg\" alt=\"\" width=\"501\" height=\"392\" srcset=\"https:\/\/elinformanteperu.com\/wp-content\/uploads\/2018\/09\/gregorio-pernia1.jpg 501w, https:\/\/elinformanteperu.com\/wp-content\/uploads\/2018\/09\/gregorio-pernia1-300x235.jpg 300w, https:\/\/elinformanteperu.com\/wp-content\/uploads\/2018\/09\/gregorio-pernia1-128x100.jpg 128w, https:\/\/elinformanteperu.com\/wp-content\/uploads\/2018\/09\/gregorio-pernia1-32x25.jpg 32w\" sizes=\"(max-width: 501px) 100vw, 501px\" \/><\/p>\n","protected":false},"excerpt":{"rendered":"<p>El actor colombiano Gregorio Pern\u00eda lleg\u00f3 a Lima para sumarse al elenco de una nueva pel\u00edcula peruana que se rodar\u00e1 en Lima y la selva durante quince d\u00edas. Lima, 16 de Setiembre 2018, (ANDINA).-\u00a0 El conocido actor colombiano Gregorio Pern\u00eda lleg\u00f3 a Lima para sumarse al elenco de una nueva pel\u00edcula peruana que se rodar\u00e1 [&hellip;]<\/p>\n","protected":false},"author":1,"featured_media":32985,"comment_status":"open","ping_status":"open","sticky":false,"template":"","format":"standard","meta":{"rop_custom_images_group":[],"rop_custom_messages_group":[],"rop_publish_now":"initial","rop_publish_now_accounts":[],"rop_publish_now_history":[],"rop_publish_now_status":"pending","footnotes":""},"categories":[7],"tags":[3523,2907],"class_list":["post-32983","post","type-post","status-publish","format-standard","has-post-thumbnail","hentry","category-butaca","tag-gregorio-pernia","tag-telemundo"],"_links":{"self":[{"href":"https:\/\/elinformanteperu.com\/index.php\/wp-json\/wp\/v2\/posts\/32983","targetHints":{"allow":["GET"]}}],"collection":[{"href":"https:\/\/elinformanteperu.com\/index.php\/wp-json\/wp\/v2\/posts"}],"about":[{"href":"https:\/\/elinformanteperu.com\/index.php\/wp-json\/wp\/v2\/types\/post"}],"author":[{"embeddable":true,"href":"https:\/\/elinformanteperu.com\/index.php\/wp-json\/wp\/v2\/users\/1"}],"replies":[{"embeddable":true,"href":"https:\/\/elinformanteperu.com\/index.php\/wp-json\/wp\/v2\/comments?post=32983"}],"version-history":[{"count":1,"href":"https:\/\/elinformanteperu.com\/index.php\/wp-json\/wp\/v2\/posts\/32983\/revisions"}],"predecessor-version":[{"id":32987,"href":"https:\/\/elinformanteperu.com\/index.php\/wp-json\/wp\/v2\/posts\/32983\/revisions\/32987"}],"wp:featuredmedia":[{"embeddable":true,"href":"https:\/\/elinformanteperu.com\/index.php\/wp-json\/wp\/v2\/media\/32985"}],"wp:attachment":[{"href":"https:\/\/elinformanteperu.com\/index.php\/wp-json\/wp\/v2\/media?parent=32983"}],"wp:term":[{"taxonomy":"category","embeddable":true,"href":"https:\/\/elinformanteperu.com\/index.php\/wp-json\/wp\/v2\/categories?post=32983"},{"taxonomy":"post_tag","embeddable":true,"href":"https:\/\/elinformanteperu.com\/index.php\/wp-json\/wp\/v2\/tags?post=32983"}],"curies":[{"name":"wp","href":"https:\/\/api.w.org\/{rel}","templated":true}]}}