{"id":32978,"date":"2018-09-16T12:48:43","date_gmt":"2018-09-16T17:48:43","guid":{"rendered":"http:\/\/elinformanteperu.com\/?p=32978"},"modified":"2018-09-16T12:48:43","modified_gmt":"2018-09-16T17:48:43","slug":"katy-jara-inicia-gira-por-chile-y-argentina","status":"publish","type":"post","link":"https:\/\/elinformanteperu.com\/index.php\/2018\/09\/16\/katy-jara-inicia-gira-por-chile-y-argentina\/","title":{"rendered":"Katy Jara inicia gira por Chile y Argentina"},"content":{"rendered":"<p><strong><span style=\"color: #000000;\">La presentadora del espacio de TV Per\u00fa &#8216;Domingos de Fiesta&#8217;, Katy Jara, iniciar\u00e1 una gira como int\u00e9rprete que la llevar\u00e1 por Chile y Argentina.\u00a0<\/span><\/strong><\/p>\n<p><span style=\"color: #000000;\"><strong>Lima, 16 de Setiembre 2018, (ANDINA).-<\/strong> La presentadora del espacio de TV Per\u00fa Domingos de Fiesta, Katy Jara, iniciar\u00e1 una gira como int\u00e9rprete que la llevar\u00e1 por Chile y Argentina. Multifac\u00e9tica como siempre, la artista no descuida sus roles como actriz en las telenovelas y en breve estudia la posibilidad de encarnar nuevos personajes de ficci\u00f3n.<\/span><\/p>\n<p><span style=\"color: #000000;\">Katy Jara tiene un largo camino en la m\u00fasica y no solo ha integrado conjuntos, sino tambi\u00e9n ha desarrollado carrera como solista hasta la fecha con su propia agrupaci\u00f3n Banda Mix.<\/span><\/p>\n<p><span style=\"color: #000000;\">\u00abEste tiempo transitado me ha servido para nutrirme de diversos g\u00e9neros y asentarme en mi carrera. La TV tambi\u00e9n ha sido una ventana muy auspiciosa porque aqu\u00ed damos cabida a diversos grupos nacionales y visitamos diversos puntos de nuestro pa\u00eds, siempre con el esp\u00edritu festivo que nos caracteriza\u00bb, explica la artista.<\/span><\/p>\n<p><span style=\"color: #000000;\">\u00abLuego de mucho tiempo prepar\u00e1ndolo este 15 de setiembre inicio mi gira internacional a Chile, donde ser\u00e9 parte de las celebraciones por las fiestas patrias de ese hermano pa\u00eds. Con ellos estar\u00e1 hasta el pr\u00f3ximo 18 de este mes y me encuentro con gran expectativa de conocer ese mercado, sobre todo porque gracias a la plataforma de YouTube he popularizado mi trabajo con Vas a llorar, canci\u00f3n que tiene m\u00e1s de 9 millones de reproducciones\u00bb, anota.<\/span><\/p>\n<p><span style=\"color: #000000;\">El tour proseguir\u00e1 por Argentina donde realizar\u00e1 de siete presentaciones por diversas ciudades del norte del pa\u00eds como Jujuy, Abrapampa, entre otros hasta el pr\u00f3ximo 23 que tiene previsto su retorno al Per\u00fa.<\/span><\/p>\n<p><img fetchpriority=\"high\" decoding=\"async\" class=\"aligncenter size-full wp-image-32981\" src=\"http:\/\/elinformanteperu.com\/wp-content\/uploads\/2018\/09\/katy-jara1.jpg\" alt=\"\" width=\"611\" height=\"447\" srcset=\"https:\/\/elinformanteperu.com\/wp-content\/uploads\/2018\/09\/katy-jara1.jpg 611w, https:\/\/elinformanteperu.com\/wp-content\/uploads\/2018\/09\/katy-jara1-300x220.jpg 300w, https:\/\/elinformanteperu.com\/wp-content\/uploads\/2018\/09\/katy-jara1-128x94.jpg 128w, https:\/\/elinformanteperu.com\/wp-content\/uploads\/2018\/09\/katy-jara1-32x23.jpg 32w, https:\/\/elinformanteperu.com\/wp-content\/uploads\/2018\/09\/katy-jara1-455x334.jpg 455w\" sizes=\"(max-width: 611px) 100vw, 611px\" \/><\/p>\n","protected":false},"excerpt":{"rendered":"<p>La presentadora del espacio de TV Per\u00fa &#8216;Domingos de Fiesta&#8217;, Katy Jara, iniciar\u00e1 una gira como int\u00e9rprete que la llevar\u00e1 por Chile y Argentina.\u00a0 Lima, 16 de Setiembre 2018, (ANDINA).- La presentadora del espacio de TV Per\u00fa Domingos de Fiesta, Katy Jara, iniciar\u00e1 una gira como int\u00e9rprete que la llevar\u00e1 por Chile y Argentina. Multifac\u00e9tica [&hellip;]<\/p>\n","protected":false},"author":1,"featured_media":32980,"comment_status":"open","ping_status":"open","sticky":false,"template":"","format":"standard","meta":{"rop_custom_images_group":[],"rop_custom_messages_group":[],"rop_publish_now":"initial","rop_publish_now_accounts":[],"rop_publish_now_history":[],"rop_publish_now_status":"pending","footnotes":""},"categories":[70],"tags":[3522,265],"class_list":["post-32978","post","type-post","status-publish","format-standard","has-post-thumbnail","hentry","category-farandula","tag-katy-jara","tag-tv-peru"],"_links":{"self":[{"href":"https:\/\/elinformanteperu.com\/index.php\/wp-json\/wp\/v2\/posts\/32978","targetHints":{"allow":["GET"]}}],"collection":[{"href":"https:\/\/elinformanteperu.com\/index.php\/wp-json\/wp\/v2\/posts"}],"about":[{"href":"https:\/\/elinformanteperu.com\/index.php\/wp-json\/wp\/v2\/types\/post"}],"author":[{"embeddable":true,"href":"https:\/\/elinformanteperu.com\/index.php\/wp-json\/wp\/v2\/users\/1"}],"replies":[{"embeddable":true,"href":"https:\/\/elinformanteperu.com\/index.php\/wp-json\/wp\/v2\/comments?post=32978"}],"version-history":[{"count":1,"href":"https:\/\/elinformanteperu.com\/index.php\/wp-json\/wp\/v2\/posts\/32978\/revisions"}],"predecessor-version":[{"id":32982,"href":"https:\/\/elinformanteperu.com\/index.php\/wp-json\/wp\/v2\/posts\/32978\/revisions\/32982"}],"wp:featuredmedia":[{"embeddable":true,"href":"https:\/\/elinformanteperu.com\/index.php\/wp-json\/wp\/v2\/media\/32980"}],"wp:attachment":[{"href":"https:\/\/elinformanteperu.com\/index.php\/wp-json\/wp\/v2\/media?parent=32978"}],"wp:term":[{"taxonomy":"category","embeddable":true,"href":"https:\/\/elinformanteperu.com\/index.php\/wp-json\/wp\/v2\/categories?post=32978"},{"taxonomy":"post_tag","embeddable":true,"href":"https:\/\/elinformanteperu.com\/index.php\/wp-json\/wp\/v2\/tags?post=32978"}],"curies":[{"name":"wp","href":"https:\/\/api.w.org\/{rel}","templated":true}]}}