{"id":32779,"date":"2018-09-11T23:06:20","date_gmt":"2018-09-12T04:06:20","guid":{"rendered":"http:\/\/elinformanteperu.com\/?p=32779"},"modified":"2018-09-11T23:06:20","modified_gmt":"2018-09-12T04:06:20","slug":"fujimorismo-busca-blindar-a-chavarry-y-becerril-dice-arana","status":"publish","type":"post","link":"https:\/\/elinformanteperu.com\/index.php\/2018\/09\/11\/fujimorismo-busca-blindar-a-chavarry-y-becerril-dice-arana\/","title":{"rendered":"Fujimorismo busca blindar a Ch\u00e1varry y Becerril, dice Arana"},"content":{"rendered":"<p><strong><span style=\"color: #000000;\">El congresista del Frente Amplio, Marco Arana, sostuvo que el fujimorismo busca usar su mayor\u00eda en el Parlamento para blindar al fiscal de la Naci\u00f3n.<\/span><\/strong><\/p>\n<p><span style=\"color: #000000;\">Lima, 11 de Setiembre 2018, (ANDINA).- El congresista del Frente Amplio, Marco Arana, sostuvo que el fujimorismo, a trav\u00e9s de la bancada Fuerza Popular, busca usar su mayor\u00eda en el Parlamento para blindar al fiscal de la Naci\u00f3n, Pedro Ch\u00e1varry, y el legislador H\u00e9ctor Becerril.<\/span><\/p>\n<p><span style=\"color: #000000;\">Al comentar la sesi\u00f3n de la Subcomisi\u00f3n de Acusaciones Constitucionales de la v\u00edspera, en que se vio el caso de ambas personas, dijo que Ch\u00e1varry pretendi\u00f3 desnaturalizar y desconocer la acusaci\u00f3n pese al informe t\u00e9cnico que existe al respecto, y ha se\u00f1alado que es una v\u00edctima.<\/span><\/p>\n<p><span style=\"color: #000000;\">En su opini\u00f3n, hay responsabilidad pol\u00edtica y funcional en Ch\u00e1varry al haber faltado al art\u00edculo 158 de la Constituci\u00f3n, cuyo contenido refiere que el Ministerio P\u00fablico es un ente aut\u00f3nomo, salvaguardado de cualquier poder externo.<\/span><\/p>\n<p><span style=\"color: #000000;\">Para Arana, este art\u00edculo fue incumplido al haberse colocado la elecci\u00f3n de Ch\u00e1varry \u00abbajo las manos\u00bb del hoy suspendido juez supremo C\u00e9sar Hinostroza, el empresario Antonio Camayo y un grupo de periodistas con quienes se coordin\u00f3 apoyar su candidatura para fiscal de la Naci\u00f3n.<\/span><\/p>\n<p><span style=\"color: #000000;\">\u00abAcudi\u00f3 a ellos para influir en su elecci\u00f3n violentando la autonom\u00eda del Ministerio P\u00fablico\u00bb, insisti\u00f3 en RPP.<\/span><\/p>\n<p><span style=\"color: #000000;\">Arana lament\u00f3, adem\u00e1s, que en la sesi\u00f3n de la v\u00edspera no se viera otros temas que, a su juicio, comprometen al fiscal de la Naci\u00f3n como la alteraci\u00f3n de sus notas en el proceso de ratificaci\u00f3n ante el Consejo Nacional de la Magistratura (CNM).<\/span><\/p>\n<p><span style=\"color: #000000;\">La bancada del Frente Amplio present\u00f3 una denuncia constitucional contra el fiscal de la Naci\u00f3n, Pedro Ch\u00e1varry, por una presunta infracci\u00f3n constitucional al haberle mentido al pa\u00eds cuando asegur\u00f3 que no hab\u00eda sostenido una reuni\u00f3n con periodistas organizada por el suspendido juez C\u00e9sar Hinostroza.<\/span><\/p>\n<p><span style=\"color: #000000;\">Ch\u00e1varry afirm\u00f3 ser v\u00edctima de un linchamiento pol\u00edtico, y sostuvo que la denuncia constitucional es infundada.<\/span><\/p>\n","protected":false},"excerpt":{"rendered":"<p>El congresista del Frente Amplio, Marco Arana, sostuvo que el fujimorismo busca usar su mayor\u00eda en el Parlamento para blindar al fiscal de la Naci\u00f3n. Lima, 11 de Setiembre 2018, (ANDINA).- El congresista del Frente Amplio, Marco Arana, sostuvo que el fujimorismo, a trav\u00e9s de la bancada Fuerza Popular, busca usar su mayor\u00eda en el [&hellip;]<\/p>\n","protected":false},"author":1,"featured_media":13775,"comment_status":"open","ping_status":"open","sticky":false,"template":"","format":"standard","meta":{"rop_custom_images_group":[],"rop_custom_messages_group":[],"rop_publish_now":"initial","rop_publish_now_accounts":[],"rop_publish_now_history":[],"rop_publish_now_status":"pending","footnotes":""},"categories":[5],"tags":[192,158,295,476],"class_list":["post-32779","post","type-post","status-publish","format-standard","has-post-thumbnail","hentry","category-actualidad-informativa","tag-congreso","tag-frente-amplio","tag-fuerza-popular","tag-marco-arana"],"_links":{"self":[{"href":"https:\/\/elinformanteperu.com\/index.php\/wp-json\/wp\/v2\/posts\/32779","targetHints":{"allow":["GET"]}}],"collection":[{"href":"https:\/\/elinformanteperu.com\/index.php\/wp-json\/wp\/v2\/posts"}],"about":[{"href":"https:\/\/elinformanteperu.com\/index.php\/wp-json\/wp\/v2\/types\/post"}],"author":[{"embeddable":true,"href":"https:\/\/elinformanteperu.com\/index.php\/wp-json\/wp\/v2\/users\/1"}],"replies":[{"embeddable":true,"href":"https:\/\/elinformanteperu.com\/index.php\/wp-json\/wp\/v2\/comments?post=32779"}],"version-history":[{"count":1,"href":"https:\/\/elinformanteperu.com\/index.php\/wp-json\/wp\/v2\/posts\/32779\/revisions"}],"predecessor-version":[{"id":32781,"href":"https:\/\/elinformanteperu.com\/index.php\/wp-json\/wp\/v2\/posts\/32779\/revisions\/32781"}],"wp:featuredmedia":[{"embeddable":true,"href":"https:\/\/elinformanteperu.com\/index.php\/wp-json\/wp\/v2\/media\/13775"}],"wp:attachment":[{"href":"https:\/\/elinformanteperu.com\/index.php\/wp-json\/wp\/v2\/media?parent=32779"}],"wp:term":[{"taxonomy":"category","embeddable":true,"href":"https:\/\/elinformanteperu.com\/index.php\/wp-json\/wp\/v2\/categories?post=32779"},{"taxonomy":"post_tag","embeddable":true,"href":"https:\/\/elinformanteperu.com\/index.php\/wp-json\/wp\/v2\/tags?post=32779"}],"curies":[{"name":"wp","href":"https:\/\/api.w.org\/{rel}","templated":true}]}}