{"id":32772,"date":"2018-09-11T22:29:18","date_gmt":"2018-09-12T03:29:18","guid":{"rendered":"http:\/\/elinformanteperu.com\/?p=32772"},"modified":"2018-09-11T22:29:18","modified_gmt":"2018-09-12T03:29:18","slug":"ministro-del-interior-trabajo-policial-es-proactivo-pero-aun-hay-mucho-que-hacer","status":"publish","type":"post","link":"https:\/\/elinformanteperu.com\/index.php\/2018\/09\/11\/ministro-del-interior-trabajo-policial-es-proactivo-pero-aun-hay-mucho-que-hacer\/","title":{"rendered":"Ministro del Interior: \u00abTrabajo policial es proactivo, pero a\u00fan hay mucho que hacer\u00bb"},"content":{"rendered":"<p><strong><span style=\"color: #000000;\">El ministro del Interior, Mauro Medina, afirm\u00f3 que la Polic\u00eda Nacional est\u00e1 realizando un trabajo bastante proactivo por mejorar la seguridad ciudadana.<\/span><\/strong><\/p>\n<p><span style=\"color: #000000;\"><strong>Lima, 11 de Setiembre 2018, (ANDINA).-<\/strong> El ministro del Interior, Mauro Medina, afirm\u00f3 que la Polic\u00eda Nacional est\u00e1 realizando un trabajo bastante proactivo por mejorar la seguridad ciudadana aunque, reconoci\u00f3, hay mucho que hacer y por ello se requieren medidas creativas.<\/span><\/p>\n<p><span style=\"color: #000000;\">Durante la ceremonia por el 77 aniversario de la inmolaci\u00f3n del capital de la PNP, Alipio Ponce V\u00e1squez, en el Callao, Medina explic\u00f3 que este trabajo proactivo se ha reflejado en la reciente disminuci\u00f3n de la sensaci\u00f3n de inseguridad, de 86 % a 83 %.<\/span><\/p>\n<p><span style=\"color: #000000;\">\u00abA\u00fan falta mucho por hacer para incrementar los niveles de seguridad ciudadana entre la poblaci\u00f3n. Seg\u00fan las encuestas, la seguridad ciudadana est\u00e1 como segunda prioridad despu\u00e9s de la lucha contra la corrupci\u00f3n\u00bb, refiri\u00f3.<\/span><\/p>\n<p><span style=\"color: #000000;\">El titular del Interior dijo que se necesitan medidas creativas, como el patrullaje policial por sectores, a trav\u00e9s de la estrategia de Vecindario Seguro, as\u00ed como la labor que desarrollan los equipos de investigaci\u00f3n.<\/span><\/p>\n<p><span style=\"color: #000000;\">\u201cY sobre todo tambi\u00e9n el trabajo de inteligencia policial para poder fortalecer la prevenci\u00f3n e investigaci\u00f3n policial en las calles de la ciudad, as\u00ed como en el \u00e1mbito rural\u201d, anot\u00f3.<\/span><\/p>\n<p><span style=\"color: #000000;\">En esa l\u00ednea, Medina destac\u00f3 el trabajo coordinado que realiza la Polic\u00eda, el Ministerio P\u00fablico y el Poder Judicial en los diferentes megaoperativos ejecutados a nivel nacional contra la delincuencia y el crimen organizado.<\/span><\/p>\n<p><span style=\"color: #000000;\">\u201cNosotros coordinamos mucho con ellos, trabajamos juntos. Los megaoperativos, por ejemplo, son toda la noche, comienza a las 02:00 horas , pero ya se est\u00e1n formando con el personal policial desde las 23:00 horas\u201d, subray\u00f3.<\/span><\/p>\n<p><span style=\"color: #000000;\">En otro momento, Medina dijo que la Polic\u00eda ha dispuesto que el coronel Jaime Cordero Ayala, de la Inspector\u00eda General de la PNP, asuma la investigaci\u00f3n administrativa disciplinaria del caso del menor que habr\u00eda sido agredido f\u00edsicamente en la comisar\u00eda de Bellavista.<\/span><\/p>\n<p><span style=\"color: #000000;\">Se\u00f1al\u00f3, asimismo, que la Polic\u00eda est\u00e1 a la espera de la investigaci\u00f3n del Ministerio P\u00fablico sobre este caso, as\u00ed como una sentencia del Poder Judicial, para tomar las medidas correspondientes contra los agentes policiales que est\u00e9n involucrados en la agresi\u00f3n.<\/span><\/p>\n<p><span style=\"color: #000000;\">\u201cAdem\u00e1s, Inspector\u00eda de la Polic\u00eda se adosa a esta investigaci\u00f3n cuando tiene que hacer cumplir la ley de R\u00e9gimen Disciplinario, pero con apego a lo que resuelva el Poder Judicial\u201d, subray\u00f3.<\/span><\/p>\n<p><span style=\"color: #000000;\">En la ceremonia policial tambi\u00e9n participaron el director general de la PNP, general Richard Zubiate, y el jefe de la Regi\u00f3n Policial del Callao, general Miguel Palomino.<\/span><\/p>\n","protected":false},"excerpt":{"rendered":"<p>El ministro del Interior, Mauro Medina, afirm\u00f3 que la Polic\u00eda Nacional est\u00e1 realizando un trabajo bastante proactivo por mejorar la seguridad ciudadana. Lima, 11 de Setiembre 2018, (ANDINA).- El ministro del Interior, Mauro Medina, afirm\u00f3 que la Polic\u00eda Nacional est\u00e1 realizando un trabajo bastante proactivo por mejorar la seguridad ciudadana aunque, reconoci\u00f3, hay mucho que [&hellip;]<\/p>\n","protected":false},"author":1,"featured_media":32774,"comment_status":"open","ping_status":"open","sticky":false,"template":"","format":"standard","meta":{"rop_custom_images_group":[],"rop_custom_messages_group":[],"rop_publish_now":"initial","rop_publish_now_accounts":[],"rop_publish_now_history":[],"rop_publish_now_status":"pending","footnotes":""},"categories":[10],"tags":[3316,280],"class_list":["post-32772","post","type-post","status-publish","format-standard","has-post-thumbnail","hentry","category-actualidad-municipal","tag-mauro-medina","tag-ministerio-del-interior"],"_links":{"self":[{"href":"https:\/\/elinformanteperu.com\/index.php\/wp-json\/wp\/v2\/posts\/32772","targetHints":{"allow":["GET"]}}],"collection":[{"href":"https:\/\/elinformanteperu.com\/index.php\/wp-json\/wp\/v2\/posts"}],"about":[{"href":"https:\/\/elinformanteperu.com\/index.php\/wp-json\/wp\/v2\/types\/post"}],"author":[{"embeddable":true,"href":"https:\/\/elinformanteperu.com\/index.php\/wp-json\/wp\/v2\/users\/1"}],"replies":[{"embeddable":true,"href":"https:\/\/elinformanteperu.com\/index.php\/wp-json\/wp\/v2\/comments?post=32772"}],"version-history":[{"count":1,"href":"https:\/\/elinformanteperu.com\/index.php\/wp-json\/wp\/v2\/posts\/32772\/revisions"}],"predecessor-version":[{"id":32775,"href":"https:\/\/elinformanteperu.com\/index.php\/wp-json\/wp\/v2\/posts\/32772\/revisions\/32775"}],"wp:featuredmedia":[{"embeddable":true,"href":"https:\/\/elinformanteperu.com\/index.php\/wp-json\/wp\/v2\/media\/32774"}],"wp:attachment":[{"href":"https:\/\/elinformanteperu.com\/index.php\/wp-json\/wp\/v2\/media?parent=32772"}],"wp:term":[{"taxonomy":"category","embeddable":true,"href":"https:\/\/elinformanteperu.com\/index.php\/wp-json\/wp\/v2\/categories?post=32772"},{"taxonomy":"post_tag","embeddable":true,"href":"https:\/\/elinformanteperu.com\/index.php\/wp-json\/wp\/v2\/tags?post=32772"}],"curies":[{"name":"wp","href":"https:\/\/api.w.org\/{rel}","templated":true}]}}