{"id":3251,"date":"2016-12-26T00:57:31","date_gmt":"2016-12-26T05:57:31","guid":{"rendered":"http:\/\/elinformanteperu.com\/?p=3251"},"modified":"2016-12-26T00:57:31","modified_gmt":"2016-12-26T05:57:31","slug":"definen-a-la-seleccion-peruana-juvenil-que-disputara-el-sudamericano-de-natacion","status":"publish","type":"post","link":"https:\/\/elinformanteperu.com\/index.php\/2016\/12\/26\/definen-a-la-seleccion-peruana-juvenil-que-disputara-el-sudamericano-de-natacion\/","title":{"rendered":"Definen a la selecci\u00f3n peruana juvenil que disputar\u00e1 el sudamericano de nataci\u00f3n"},"content":{"rendered":"<p><strong>Diecisiete nadadores de la categor\u00eda juvenil formar\u00e1n parte del seleccionado que representar\u00e1n al Per\u00fa en el pr\u00f3ximo Campeonato Sudamericano de Colombia 2017.<\/strong><\/p>\n<p><strong>Lima, 25 Diciembre 2016, (ANDINA).-<\/strong> Diecisiete nadadores de la categor\u00eda juvenil formar\u00e1n parte del seleccionado que representar\u00e1n al Per\u00fa en el pr\u00f3ximo Campeonato Sudamericano de Colombia 2017, justa internacional que se disputar\u00e1 del 10 al 16 de abril en la ciudad de Santiago de Cali.<\/p>\n<p>El equipo qued\u00f3 definido despu\u00e9s de la realizaci\u00f3n del torneo selectivo que llev\u00f3 a cabo, de forma sobresaliente, la Federaci\u00f3n Deportiva Peruana de Nataci\u00f3n entre el jueves 15 y el domingo 18 del presente en la piscina ol\u00edmpica del Campo de Marte.<\/p>\n<p>De esta manera, la comitiva peruana estar\u00e1 conformada por Samantha Bello, Nicole Rojas, Daniela Ponce y Mar\u00eda Bramont Arias del Club Surco; Mariagracia Torres y Andrea Hurtado del Golf y Country Club de Trujillo, Paula Tamashiro de Aelu, Alessandra Reyes de Nataci\u00f3n es Vida, Rafaela Alcalde de Casuarinas, Silvana Cabrera de Tater Ledgard y Valeria Ugaz de Aquatica Sports Center.<\/p>\n<p>Igualmente, en la rama masculina tendremos a Joshua Balbi y Ricardo Espinoza de Aqualab, Joaqu\u00edn Vargas del Club Grau de Piura, Gaetano Zapata de Surco, Carlos Cobos de Naval y Adri\u00e1n Paseta, nadador libre.<\/p>\n<p>Los exponentes intensifican sus sesiones de preparaci\u00f3n camino a la mencionada cita continental de Colombia, la cual congregar\u00e1 a los atletas m\u00e1s destacados de diez pa\u00edses del \u00e1rea.<\/p>\n<p>De otro lado, durante este evento se batieron tres primados de categor\u00eda juvenil A. Gaetano Zapata pulveriz\u00f3 las marcas de los 100 y 200 metros espalda luego de cronometrar 1m 00s 20c y 2m 10s 10c, respectivamente; en ese sentido, mejor\u00f3 los tiempos de 1m 00s 49c y 2m 10s 21c que el propio atleta impuso en junio de este a\u00f1o.<\/p>\n<p>Del mismo modo, Sebasti\u00e1n Hern\u00e1ndez, tambi\u00e9n del Club Surco, bati\u00f3 el r\u00e9cord de los 50 espalda al establecer 28s 35c, con ello mejor\u00f3 los 28s 76c que manten\u00eda el experimentado nadador Mauricio Fiol desde octubre del 2009.<\/p>\n","protected":false},"excerpt":{"rendered":"<p>Diecisiete nadadores de la categor\u00eda juvenil formar\u00e1n parte del seleccionado que representar\u00e1n al Per\u00fa en el pr\u00f3ximo Campeonato Sudamericano de Colombia 2017. Lima, 25 Diciembre 2016, (ANDINA).- Diecisiete nadadores de la categor\u00eda juvenil formar\u00e1n parte del seleccionado que representar\u00e1n al Per\u00fa en el pr\u00f3ximo Campeonato Sudamericano de Colombia 2017, justa internacional que se disputar\u00e1 del [&hellip;]<\/p>\n","protected":false},"author":1,"featured_media":3252,"comment_status":"open","ping_status":"open","sticky":false,"template":"","format":"standard","meta":{"rop_custom_images_group":[],"rop_custom_messages_group":[],"rop_publish_now":"initial","rop_publish_now_accounts":[],"rop_publish_now_history":[],"rop_publish_now_status":"pending","footnotes":""},"categories":[8],"tags":[654],"class_list":["post-3251","post","type-post","status-publish","format-standard","has-post-thumbnail","hentry","category-disciplinas-deportivas","tag-natacion"],"_links":{"self":[{"href":"https:\/\/elinformanteperu.com\/index.php\/wp-json\/wp\/v2\/posts\/3251","targetHints":{"allow":["GET"]}}],"collection":[{"href":"https:\/\/elinformanteperu.com\/index.php\/wp-json\/wp\/v2\/posts"}],"about":[{"href":"https:\/\/elinformanteperu.com\/index.php\/wp-json\/wp\/v2\/types\/post"}],"author":[{"embeddable":true,"href":"https:\/\/elinformanteperu.com\/index.php\/wp-json\/wp\/v2\/users\/1"}],"replies":[{"embeddable":true,"href":"https:\/\/elinformanteperu.com\/index.php\/wp-json\/wp\/v2\/comments?post=3251"}],"version-history":[{"count":1,"href":"https:\/\/elinformanteperu.com\/index.php\/wp-json\/wp\/v2\/posts\/3251\/revisions"}],"predecessor-version":[{"id":3253,"href":"https:\/\/elinformanteperu.com\/index.php\/wp-json\/wp\/v2\/posts\/3251\/revisions\/3253"}],"wp:featuredmedia":[{"embeddable":true,"href":"https:\/\/elinformanteperu.com\/index.php\/wp-json\/wp\/v2\/media\/3252"}],"wp:attachment":[{"href":"https:\/\/elinformanteperu.com\/index.php\/wp-json\/wp\/v2\/media?parent=3251"}],"wp:term":[{"taxonomy":"category","embeddable":true,"href":"https:\/\/elinformanteperu.com\/index.php\/wp-json\/wp\/v2\/categories?post=3251"},{"taxonomy":"post_tag","embeddable":true,"href":"https:\/\/elinformanteperu.com\/index.php\/wp-json\/wp\/v2\/tags?post=3251"}],"curies":[{"name":"wp","href":"https:\/\/api.w.org\/{rel}","templated":true}]}}