{"id":32403,"date":"2018-09-04T21:20:35","date_gmt":"2018-09-05T02:20:35","guid":{"rendered":"http:\/\/elinformanteperu.com\/?p=32403"},"modified":"2018-09-04T21:20:35","modified_gmt":"2018-09-05T02:20:35","slug":"apra-no-llego-a-consenso-para-firmar-pedido-contra-chavarry","status":"publish","type":"post","link":"https:\/\/elinformanteperu.com\/index.php\/2018\/09\/04\/apra-no-llego-a-consenso-para-firmar-pedido-contra-chavarry\/","title":{"rendered":"Apra no lleg\u00f3 a consenso para firmar pedido contra Ch\u00e1varry"},"content":{"rendered":"<p><strong><span style=\"color: #000000;\">El congresista del Apra Jorge del Castillo aclar\u00f3 que no firm\u00f3 la carta con la que varias bancadas solicitaron la renuncia del fiscal de la Naci\u00f3n, Pedro Ch\u00e1varry.<\/span><\/strong><\/p>\n<p><span style=\"color: #000000;\"><strong>Lima, 04 de Setiembre 2018, (ANDINA).-<\/strong> El congresista del Apra Jorge del Castillo aclar\u00f3 que no firm\u00f3 la carta con la que varias bancadas solicitaron la renuncia del fiscal de la Naci\u00f3n, Pedro Ch\u00e1varry, debido a que no hubo consenso dentro de su agrupaci\u00f3n pol\u00edtica.<\/span><\/p>\n<p><span style=\"color: #000000;\">\u00abSe nos consult\u00f3, pero en un partido se necesitan consensos y acuerdos, y si no hay consenso sobre un tema por observaciones v\u00e1lidas no se admite la firma\u00bb, explic\u00f3 en \u00abRPP\u00bb.<\/span><\/p>\n<p><span style=\"color: #000000;\">Seg\u00fan dijo, ello no implica una falta de respaldo a la iniciativa o al impulso pol\u00edtico dado al tema.<\/span><\/p>\n<p><span style=\"color: #000000;\">No obstante, el legislador se pregunt\u00f3 si es viable pedir renuncias sobre la base de presunciones y record\u00f3 que un fiscal puede inhibirse o pedir licencia temporal.<\/span><\/p>\n<p><span style=\"color: #000000;\">Asimismo, indic\u00f3 que la renuncia o destituci\u00f3n es un nivel m\u00e1ximo que requiere de elementos y pruebas.<\/span><\/p>\n<p><span style=\"color: #000000;\">Del Castillo se\u00f1al\u00f3 que no haber firmado el documento \u00abno hace al Apra ni c\u00f3mplice ni socio del fujimorismo\u00bb, cuya bancada, Fuerza Popular, tampoco suscribi\u00f3 el pedido.<\/span><\/p>\n<p><span style=\"color: #000000;\">\u00abNo se debe malinterpretar al pueblo aprista que ha tomado su distancia del fujimorismo\u00bb, puntualiz\u00f3 el parlamentario tras descartar la hip\u00f3tesis de que haya apoyado a Fuerza Popular a cambio de que Alan Garc\u00eda no sea acusado en la Comisi\u00f3n Lava Jato.<\/span><\/p>\n<p><span style=\"color: #000000;\">A su juicio, el Ministerio P\u00fablico merece una reorganizaci\u00f3n y existe la oportunidad de reestructurarlo, pues no es responsable ni serio mantener las disputas internas que hoy evidencian.<\/span><\/p>\n<p><span style=\"color: #000000;\">Asimismo, reiter\u00f3 estar de acuerdo con que el refer\u00e9ndum sobre los proyectos de reforma pol\u00edtica y de justicia presentados por el Ejecutivo sean sometidos a refer\u00e9ndum en diciembre.<\/span><\/p>\n","protected":false},"excerpt":{"rendered":"<p>El congresista del Apra Jorge del Castillo aclar\u00f3 que no firm\u00f3 la carta con la que varias bancadas solicitaron la renuncia del fiscal de la Naci\u00f3n, Pedro Ch\u00e1varry. Lima, 04 de Setiembre 2018, (ANDINA).- El congresista del Apra Jorge del Castillo aclar\u00f3 que no firm\u00f3 la carta con la que varias bancadas solicitaron la renuncia [&hellip;]<\/p>\n","protected":false},"author":1,"featured_media":32405,"comment_status":"open","ping_status":"open","sticky":false,"template":"","format":"standard","meta":{"rop_custom_images_group":[],"rop_custom_messages_group":[],"rop_publish_now":"initial","rop_publish_now_accounts":[],"rop_publish_now_history":[],"rop_publish_now_status":"pending","footnotes":""},"categories":[5],"tags":[555,192,554,3209],"class_list":["post-32403","post","type-post","status-publish","format-standard","has-post-thumbnail","hentry","category-actualidad-informativa","tag-apra","tag-congreso","tag-jorge-del-castillo","tag-pedro-chavarry"],"_links":{"self":[{"href":"https:\/\/elinformanteperu.com\/index.php\/wp-json\/wp\/v2\/posts\/32403","targetHints":{"allow":["GET"]}}],"collection":[{"href":"https:\/\/elinformanteperu.com\/index.php\/wp-json\/wp\/v2\/posts"}],"about":[{"href":"https:\/\/elinformanteperu.com\/index.php\/wp-json\/wp\/v2\/types\/post"}],"author":[{"embeddable":true,"href":"https:\/\/elinformanteperu.com\/index.php\/wp-json\/wp\/v2\/users\/1"}],"replies":[{"embeddable":true,"href":"https:\/\/elinformanteperu.com\/index.php\/wp-json\/wp\/v2\/comments?post=32403"}],"version-history":[{"count":1,"href":"https:\/\/elinformanteperu.com\/index.php\/wp-json\/wp\/v2\/posts\/32403\/revisions"}],"predecessor-version":[{"id":32406,"href":"https:\/\/elinformanteperu.com\/index.php\/wp-json\/wp\/v2\/posts\/32403\/revisions\/32406"}],"wp:featuredmedia":[{"embeddable":true,"href":"https:\/\/elinformanteperu.com\/index.php\/wp-json\/wp\/v2\/media\/32405"}],"wp:attachment":[{"href":"https:\/\/elinformanteperu.com\/index.php\/wp-json\/wp\/v2\/media?parent=32403"}],"wp:term":[{"taxonomy":"category","embeddable":true,"href":"https:\/\/elinformanteperu.com\/index.php\/wp-json\/wp\/v2\/categories?post=32403"},{"taxonomy":"post_tag","embeddable":true,"href":"https:\/\/elinformanteperu.com\/index.php\/wp-json\/wp\/v2\/tags?post=32403"}],"curies":[{"name":"wp","href":"https:\/\/api.w.org\/{rel}","templated":true}]}}