{"id":32326,"date":"2018-09-03T21:10:24","date_gmt":"2018-09-04T02:10:24","guid":{"rendered":"http:\/\/elinformanteperu.com\/?p=32326"},"modified":"2018-09-03T21:10:24","modified_gmt":"2018-09-04T02:10:24","slug":"yola-polastri-fue-operada-con-exito-y-ya-reposa-en-clinica","status":"publish","type":"post","link":"https:\/\/elinformanteperu.com\/index.php\/2018\/09\/03\/yola-polastri-fue-operada-con-exito-y-ya-reposa-en-clinica\/","title":{"rendered":"Yola Polastri fue operada con \u00e9xito y ya reposa en cl\u00ednica"},"content":{"rendered":"<p><strong><span style=\"color: #000000;\">La animadora infantil Yola Polastri super\u00f3 con \u00e9xito la intervenci\u00f3n quir\u00fargica de embolizaci\u00f3n para dejarla fuera de peligro.<\/span><\/strong><\/p>\n<p><span style=\"color: #000000;\"><strong>Lima, 03 de Setiembre 2018, (ANDINA).-<\/strong> La animadora infantil Yola Polastri super\u00f3 con \u00e9xito la intervenci\u00f3n quir\u00fargica de embolizaci\u00f3n para dejarla fuera de peligro ante la presencia de un aneurisma cerebral detectado a tiempo.<\/span><\/p>\n<p><span style=\"color: #000000;\">La intervenci\u00f3n dur\u00f3 alrededor de casi tres hora y actualmente la animadora reposa para recuperarse del procedimiento.<\/span><\/p>\n<p><img fetchpriority=\"high\" decoding=\"async\" class=\"aligncenter size-full wp-image-32329\" src=\"http:\/\/elinformanteperu.com\/wp-content\/uploads\/2018\/09\/yola-polastri1.jpg\" alt=\"\" width=\"1800\" height=\"1200\" srcset=\"https:\/\/elinformanteperu.com\/wp-content\/uploads\/2018\/09\/yola-polastri1.jpg 1800w, https:\/\/elinformanteperu.com\/wp-content\/uploads\/2018\/09\/yola-polastri1-300x200.jpg 300w, https:\/\/elinformanteperu.com\/wp-content\/uploads\/2018\/09\/yola-polastri1-768x512.jpg 768w, https:\/\/elinformanteperu.com\/wp-content\/uploads\/2018\/09\/yola-polastri1-1024x683.jpg 1024w, https:\/\/elinformanteperu.com\/wp-content\/uploads\/2018\/09\/yola-polastri1-128x85.jpg 128w, https:\/\/elinformanteperu.com\/wp-content\/uploads\/2018\/09\/yola-polastri1-32x21.jpg 32w\" sizes=\"(max-width: 1800px) 100vw, 1800px\" \/><\/p>\n<p><span style=\"color: #000000;\">Se conoci\u00f3 que ella podr\u00e1 retomar sus actividades profesionales en un plazo de 20 d\u00edas tal y como hab\u00eda previsto la figura siempre y cuando supere satisfactoriamente el proceso post operatorio.<\/span><\/p>\n<p><span style=\"color: #000000;\">Como se sabe, Yola detecto, afortunadamente a tiempo, un aneurisma que pudo costarle la vida; sin embargo ante el avance m\u00e9dico hoy es operable a trav\u00e9s de intervenciones programadas justamente para evitar derrames cerebrales o la muerte.<\/span><\/p>\n<p><img decoding=\"async\" class=\"aligncenter  wp-image-32330\" src=\"http:\/\/elinformanteperu.com\/wp-content\/uploads\/2018\/09\/Yola-Polastri-comunicado.jpg\" alt=\"\" width=\"407\" height=\"352\" srcset=\"https:\/\/elinformanteperu.com\/wp-content\/uploads\/2018\/09\/Yola-Polastri-comunicado.jpg 521w, https:\/\/elinformanteperu.com\/wp-content\/uploads\/2018\/09\/Yola-Polastri-comunicado-300x259.jpg 300w, https:\/\/elinformanteperu.com\/wp-content\/uploads\/2018\/09\/Yola-Polastri-comunicado-128x111.jpg 128w, https:\/\/elinformanteperu.com\/wp-content\/uploads\/2018\/09\/Yola-Polastri-comunicado-32x28.jpg 32w\" sizes=\"(max-width: 407px) 100vw, 407px\" \/><\/p>\n","protected":false},"excerpt":{"rendered":"<p>La animadora infantil Yola Polastri super\u00f3 con \u00e9xito la intervenci\u00f3n quir\u00fargica de embolizaci\u00f3n para dejarla fuera de peligro. Lima, 03 de Setiembre 2018, (ANDINA).- La animadora infantil Yola Polastri super\u00f3 con \u00e9xito la intervenci\u00f3n quir\u00fargica de embolizaci\u00f3n para dejarla fuera de peligro ante la presencia de un aneurisma cerebral detectado a tiempo. La intervenci\u00f3n dur\u00f3 [&hellip;]<\/p>\n","protected":false},"author":1,"featured_media":32328,"comment_status":"open","ping_status":"open","sticky":false,"template":"","format":"standard","meta":{"rop_custom_images_group":[],"rop_custom_messages_group":[],"rop_publish_now":"initial","rop_publish_now_accounts":[],"rop_publish_now_history":[],"rop_publish_now_status":"pending","footnotes":""},"categories":[70],"tags":[3478],"class_list":["post-32326","post","type-post","status-publish","format-standard","has-post-thumbnail","hentry","category-farandula","tag-yola-polastri"],"_links":{"self":[{"href":"https:\/\/elinformanteperu.com\/index.php\/wp-json\/wp\/v2\/posts\/32326","targetHints":{"allow":["GET"]}}],"collection":[{"href":"https:\/\/elinformanteperu.com\/index.php\/wp-json\/wp\/v2\/posts"}],"about":[{"href":"https:\/\/elinformanteperu.com\/index.php\/wp-json\/wp\/v2\/types\/post"}],"author":[{"embeddable":true,"href":"https:\/\/elinformanteperu.com\/index.php\/wp-json\/wp\/v2\/users\/1"}],"replies":[{"embeddable":true,"href":"https:\/\/elinformanteperu.com\/index.php\/wp-json\/wp\/v2\/comments?post=32326"}],"version-history":[{"count":2,"href":"https:\/\/elinformanteperu.com\/index.php\/wp-json\/wp\/v2\/posts\/32326\/revisions"}],"predecessor-version":[{"id":32332,"href":"https:\/\/elinformanteperu.com\/index.php\/wp-json\/wp\/v2\/posts\/32326\/revisions\/32332"}],"wp:featuredmedia":[{"embeddable":true,"href":"https:\/\/elinformanteperu.com\/index.php\/wp-json\/wp\/v2\/media\/32328"}],"wp:attachment":[{"href":"https:\/\/elinformanteperu.com\/index.php\/wp-json\/wp\/v2\/media?parent=32326"}],"wp:term":[{"taxonomy":"category","embeddable":true,"href":"https:\/\/elinformanteperu.com\/index.php\/wp-json\/wp\/v2\/categories?post=32326"},{"taxonomy":"post_tag","embeddable":true,"href":"https:\/\/elinformanteperu.com\/index.php\/wp-json\/wp\/v2\/tags?post=32326"}],"curies":[{"name":"wp","href":"https:\/\/api.w.org\/{rel}","templated":true}]}}