{"id":32318,"date":"2018-09-03T21:02:52","date_gmt":"2018-09-04T02:02:52","guid":{"rendered":"http:\/\/elinformanteperu.com\/?p=32318"},"modified":"2018-09-03T21:02:52","modified_gmt":"2018-09-04T02:02:52","slug":"regresa-en-su-segunda-temporada-las-mujeres-de-los-nazis","status":"publish","type":"post","link":"https:\/\/elinformanteperu.com\/index.php\/2018\/09\/03\/regresa-en-su-segunda-temporada-las-mujeres-de-los-nazis\/","title":{"rendered":"Regresa en su segunda temporada \u201cLas mujeres de los nazis\u201d"},"content":{"rendered":"<p><span style=\"color: #000000;\"><strong>Obra teatral de H\u00e9ctor L\u00e9vy Daniel estar\u00e1 desde el jueves 20 de setiembre en el teatro del Centro Cultural El Olivar, en San Isidro. Hay preventa.<\/strong><\/span><\/p>\n<p><span style=\"color: #000000;\"><strong>Lima, 03 de Setiembre 2018, (El Informante Per\u00fa).-<\/strong> \u201cLas mujeres de los nazis\u201d, de H\u00e9ctor L\u00e9vy Daniel, vuelve en una segunda temporada desde el jueves 20 de setiembre en el teatro del Centro Cultural El Olivar, en San Isidro. La obra teatral est\u00e1 protagonizada por Iv\u00e1n Ch\u00e1vez, Lissette Guti\u00e9rrez y Macla Yamada, y dirigida por Daniela Lanzara.<\/span><\/p>\n<p><span style=\"color: #000000;\">La pieza cuenta la historia de tres mujeres, seguras y conscientes de lo que hac\u00edan: Magda Goebbels, Irma Grese y Geli Raubal. Ellas tomaron decisiones, ejercieron su poder y mantuvieron una postura frente a una de las mayores atrocidades cometidas por el ser humano: el Nazismo.<\/span><\/p>\n<p><img fetchpriority=\"high\" decoding=\"async\" class=\"aligncenter size-full wp-image-32321\" src=\"http:\/\/elinformanteperu.com\/wp-content\/uploads\/2018\/09\/Las-mujeres-de-los-nazis1.jpg\" alt=\"\" width=\"800\" height=\"533\" srcset=\"https:\/\/elinformanteperu.com\/wp-content\/uploads\/2018\/09\/Las-mujeres-de-los-nazis1.jpg 800w, https:\/\/elinformanteperu.com\/wp-content\/uploads\/2018\/09\/Las-mujeres-de-los-nazis1-300x200.jpg 300w, https:\/\/elinformanteperu.com\/wp-content\/uploads\/2018\/09\/Las-mujeres-de-los-nazis1-768x512.jpg 768w, https:\/\/elinformanteperu.com\/wp-content\/uploads\/2018\/09\/Las-mujeres-de-los-nazis1-128x85.jpg 128w, https:\/\/elinformanteperu.com\/wp-content\/uploads\/2018\/09\/Las-mujeres-de-los-nazis1-32x21.jpg 32w\" sizes=\"(max-width: 800px) 100vw, 800px\" \/><\/p>\n<p><span style=\"color: #000000;\">Magda Goebbels, la primera dama del tercer Reich, se ve obligada en un encuentro inesperado, a recordar y enfrentar un pasado estremecedor.<\/span><\/p>\n<p><span style=\"color: #000000;\">Irma Grese, luego de regir brutalmente el destino de miles de mujeres en los campos de concentraci\u00f3n, debe enfrentar un juicio que la obligar\u00e1 a rendir cuentas de sus acciones.<\/span><\/p>\n<p><span style=\"color: #000000;\">Geli Raubal, sobrina del \u201cT\u00edo Adolf\u201d y diecisiete a\u00f1os menor que \u00e9l, mantiene con Adolf Hitler una relaci\u00f3n intensa y agobiante que la llevar\u00e1 a tomar una decisi\u00f3n extrema.<\/span><\/p>\n<p><img decoding=\"async\" class=\"aligncenter size-full wp-image-32322\" src=\"http:\/\/elinformanteperu.com\/wp-content\/uploads\/2018\/09\/Las-mujeres-de-los-nazis2.jpg\" alt=\"\" width=\"800\" height=\"533\" srcset=\"https:\/\/elinformanteperu.com\/wp-content\/uploads\/2018\/09\/Las-mujeres-de-los-nazis2.jpg 800w, https:\/\/elinformanteperu.com\/wp-content\/uploads\/2018\/09\/Las-mujeres-de-los-nazis2-300x200.jpg 300w, https:\/\/elinformanteperu.com\/wp-content\/uploads\/2018\/09\/Las-mujeres-de-los-nazis2-768x512.jpg 768w, https:\/\/elinformanteperu.com\/wp-content\/uploads\/2018\/09\/Las-mujeres-de-los-nazis2-128x85.jpg 128w, https:\/\/elinformanteperu.com\/wp-content\/uploads\/2018\/09\/Las-mujeres-de-los-nazis2-32x21.jpg 32w\" sizes=\"(max-width: 800px) 100vw, 800px\" \/><\/p>\n<p><span style=\"color: #000000;\">La pieza teatral ha sido escrita por H\u00e9ctor L\u00e9vy Daniel, dramaturgo, director y guionista argentino, que se sumerge en una de las etapas de la historia del mundo contempor\u00e1neo m\u00e1s escalofriantes como es la Segunda Guerra Mundial.<\/span><\/p>\n<p><span style=\"color: #000000;\">El autor recoge historias reales de tres mujeres referentes del Nazismo que, desde contextos diferentes, aceptan ser parte de una red de destrucci\u00f3n.<\/span><\/p>\n<p><span style=\"color: #000000;\">Este punto de partida es una reflexi\u00f3n sobre la postura que cada individuo toma en una situaci\u00f3n extrema; en qu\u00e9 lado de la historia nos colocamos y porqu\u00e9 se mantiene vigente hoy en nuestra sociedad el odio y el rechazo hacia lo diferente, lo desconocido.<\/span><\/p>\n<p><img decoding=\"async\" class=\"aligncenter size-full wp-image-32323\" src=\"http:\/\/elinformanteperu.com\/wp-content\/uploads\/2018\/09\/Las-mujeres-de-los-nazis3.jpg\" alt=\"\" width=\"800\" height=\"800\" srcset=\"https:\/\/elinformanteperu.com\/wp-content\/uploads\/2018\/09\/Las-mujeres-de-los-nazis3.jpg 800w, https:\/\/elinformanteperu.com\/wp-content\/uploads\/2018\/09\/Las-mujeres-de-los-nazis3-150x150.jpg 150w, https:\/\/elinformanteperu.com\/wp-content\/uploads\/2018\/09\/Las-mujeres-de-los-nazis3-300x300.jpg 300w, https:\/\/elinformanteperu.com\/wp-content\/uploads\/2018\/09\/Las-mujeres-de-los-nazis3-768x768.jpg 768w, https:\/\/elinformanteperu.com\/wp-content\/uploads\/2018\/09\/Las-mujeres-de-los-nazis3-128x128.jpg 128w, https:\/\/elinformanteperu.com\/wp-content\/uploads\/2018\/09\/Las-mujeres-de-los-nazis3-32x32.jpg 32w, https:\/\/elinformanteperu.com\/wp-content\/uploads\/2018\/09\/Las-mujeres-de-los-nazis3-60x60.jpg 60w, https:\/\/elinformanteperu.com\/wp-content\/uploads\/2018\/09\/Las-mujeres-de-los-nazis3-50x50.jpg 50w\" sizes=\"(max-width: 800px) 100vw, 800px\" \/><\/p>\n<p><span style=\"color: #000000;\">\u201cLas mujeres de los nazis\u201d va de jueves a domingo a las 8 de la noche en el teatro del Centro Cultural El Olivar (Calle La Rep\u00fablica 455 &#8211; San Isidro), del 20 de setiembre al 28 de octubre del 2018.<\/span><\/p>\n<p><span style=\"color: #000000;\">Las entradas est\u00e1n a la venta en Teleticket a 50 soles (general), 33 soles (jubilados) y 27 soles (estudiantes). Hay preventa a 35 soles (general), 22 soles (jubilados) y 22 soles (estudiantes).<\/span><\/p>\n<p><img loading=\"lazy\" decoding=\"async\" class=\"aligncenter size-full wp-image-32324\" src=\"http:\/\/elinformanteperu.com\/wp-content\/uploads\/2018\/09\/Las-mujeres-de-los-nazis4.jpg\" alt=\"\" width=\"800\" height=\"800\" srcset=\"https:\/\/elinformanteperu.com\/wp-content\/uploads\/2018\/09\/Las-mujeres-de-los-nazis4.jpg 800w, https:\/\/elinformanteperu.com\/wp-content\/uploads\/2018\/09\/Las-mujeres-de-los-nazis4-150x150.jpg 150w, https:\/\/elinformanteperu.com\/wp-content\/uploads\/2018\/09\/Las-mujeres-de-los-nazis4-300x300.jpg 300w, https:\/\/elinformanteperu.com\/wp-content\/uploads\/2018\/09\/Las-mujeres-de-los-nazis4-768x768.jpg 768w, https:\/\/elinformanteperu.com\/wp-content\/uploads\/2018\/09\/Las-mujeres-de-los-nazis4-128x128.jpg 128w, https:\/\/elinformanteperu.com\/wp-content\/uploads\/2018\/09\/Las-mujeres-de-los-nazis4-32x32.jpg 32w, https:\/\/elinformanteperu.com\/wp-content\/uploads\/2018\/09\/Las-mujeres-de-los-nazis4-60x60.jpg 60w, https:\/\/elinformanteperu.com\/wp-content\/uploads\/2018\/09\/Las-mujeres-de-los-nazis4-50x50.jpg 50w\" sizes=\"(max-width: 800px) 100vw, 800px\" \/><\/p>\n","protected":false},"excerpt":{"rendered":"<p>Obra teatral de H\u00e9ctor L\u00e9vy Daniel estar\u00e1 desde el jueves 20 de setiembre en el teatro del Centro Cultural El Olivar, en San Isidro. Hay preventa. Lima, 03 de Setiembre 2018, (El Informante Per\u00fa).- \u201cLas mujeres de los nazis\u201d, de H\u00e9ctor L\u00e9vy Daniel, vuelve en una segunda temporada desde el jueves 20 de setiembre en [&hellip;]<\/p>\n","protected":false},"author":1,"featured_media":32320,"comment_status":"open","ping_status":"open","sticky":false,"template":"","format":"standard","meta":{"rop_custom_images_group":[],"rop_custom_messages_group":[],"rop_publish_now":"initial","rop_publish_now_accounts":[],"rop_publish_now_history":[],"rop_publish_now_status":"pending","footnotes":""},"categories":[70],"tags":[3477,1625],"class_list":["post-32318","post","type-post","status-publish","format-standard","has-post-thumbnail","hentry","category-farandula","tag-centro-cultural-el-olivar","tag-teatro"],"_links":{"self":[{"href":"https:\/\/elinformanteperu.com\/index.php\/wp-json\/wp\/v2\/posts\/32318","targetHints":{"allow":["GET"]}}],"collection":[{"href":"https:\/\/elinformanteperu.com\/index.php\/wp-json\/wp\/v2\/posts"}],"about":[{"href":"https:\/\/elinformanteperu.com\/index.php\/wp-json\/wp\/v2\/types\/post"}],"author":[{"embeddable":true,"href":"https:\/\/elinformanteperu.com\/index.php\/wp-json\/wp\/v2\/users\/1"}],"replies":[{"embeddable":true,"href":"https:\/\/elinformanteperu.com\/index.php\/wp-json\/wp\/v2\/comments?post=32318"}],"version-history":[{"count":1,"href":"https:\/\/elinformanteperu.com\/index.php\/wp-json\/wp\/v2\/posts\/32318\/revisions"}],"predecessor-version":[{"id":32325,"href":"https:\/\/elinformanteperu.com\/index.php\/wp-json\/wp\/v2\/posts\/32318\/revisions\/32325"}],"wp:featuredmedia":[{"embeddable":true,"href":"https:\/\/elinformanteperu.com\/index.php\/wp-json\/wp\/v2\/media\/32320"}],"wp:attachment":[{"href":"https:\/\/elinformanteperu.com\/index.php\/wp-json\/wp\/v2\/media?parent=32318"}],"wp:term":[{"taxonomy":"category","embeddable":true,"href":"https:\/\/elinformanteperu.com\/index.php\/wp-json\/wp\/v2\/categories?post=32318"},{"taxonomy":"post_tag","embeddable":true,"href":"https:\/\/elinformanteperu.com\/index.php\/wp-json\/wp\/v2\/tags?post=32318"}],"curies":[{"name":"wp","href":"https:\/\/api.w.org\/{rel}","templated":true}]}}