{"id":32258,"date":"2018-09-02T12:20:13","date_gmt":"2018-09-02T17:20:13","guid":{"rendered":"http:\/\/elinformanteperu.com\/?p=32258"},"modified":"2018-09-02T12:20:13","modified_gmt":"2018-09-02T17:20:13","slug":"seleccion-viajo-a-europa-para-encuentros-ante-holanda-y-alemania","status":"publish","type":"post","link":"https:\/\/elinformanteperu.com\/index.php\/2018\/09\/02\/seleccion-viajo-a-europa-para-encuentros-ante-holanda-y-alemania\/","title":{"rendered":"Selecci\u00f3n viaj\u00f3 a Europa para encuentros ante Holanda y Alemania"},"content":{"rendered":"<p><span style=\"color: #000000;\"><strong>La selecci\u00f3n peruana, compuesta por seis jugadores del torneo local viajaron hacia Europa con la finalidad de afrontar los encuentros ante Holanda y Alemania.<\/strong><\/span><\/p>\n<p><span style=\"color: #000000;\"><strong>Lima, 02 de Setiembre 2018, (ANDINA).-<\/strong> La selecci\u00f3n peruana, compuesta por seis jugadores del torneo local viajaron hacia Europa con la finalidad de afrontar los encuentros amistosos ante las selecciones de Holanda y Alemania, programados para el mes de setiembre.<\/span><\/p>\n<p><span style=\"color: #000000;\">Horacio Calcaterra, Patricio \u00c1lvarez, Jos\u00e9 Carvallo, Nilson Loyola, Marco L\u00f3pez y Johan Madrid son los integrantes del combinado nacional que se embarcaron en el aeropuerto internacional Jorge Ch\u00e1vez, donde recibieron el saludo y apoyo de las personas.<\/span><\/p>\n<p><span style=\"color: #000000;\">Como se sabe, los seleccionados se encontrar\u00e1n con el entrenador Ricardo Gareca en la ciudad de \u00c1msterdam, a donde viaj\u00f3 en la v\u00edspera, para iniciar los entrenamientos para el encuentro ante el equipo local, a disputarse en el Amsterdam Arena.<\/span><\/p>\n<p><span style=\"color: #000000;\">En los pr\u00f3ximos d\u00edas se unir\u00e1n los integrantes que integran las ligas en el extranjero, destac\u00e1ndose los que se encuentran en M\u00e9xico y Estados Unidos.<\/span><\/p>\n<p><span style=\"color: #000000;\">El seleccionado nacional entren\u00f3 antes de emprender su viaje a Europa, donde realizaron trabajos juntos con los seleccionados Sub 20.<\/span><\/p>\n<p><img fetchpriority=\"high\" decoding=\"async\" class=\"aligncenter size-full wp-image-27492\" src=\"http:\/\/elinformanteperu.com\/wp-content\/uploads\/2018\/05\/entrenamientos-seleccion-peruana.jpg\" alt=\"\" width=\"1800\" height=\"1199\" srcset=\"https:\/\/elinformanteperu.com\/wp-content\/uploads\/2018\/05\/entrenamientos-seleccion-peruana.jpg 1800w, https:\/\/elinformanteperu.com\/wp-content\/uploads\/2018\/05\/entrenamientos-seleccion-peruana-300x200.jpg 300w, https:\/\/elinformanteperu.com\/wp-content\/uploads\/2018\/05\/entrenamientos-seleccion-peruana-768x512.jpg 768w, https:\/\/elinformanteperu.com\/wp-content\/uploads\/2018\/05\/entrenamientos-seleccion-peruana-1024x682.jpg 1024w, https:\/\/elinformanteperu.com\/wp-content\/uploads\/2018\/05\/entrenamientos-seleccion-peruana-128x85.jpg 128w, https:\/\/elinformanteperu.com\/wp-content\/uploads\/2018\/05\/entrenamientos-seleccion-peruana-32x21.jpg 32w\" sizes=\"(max-width: 1800px) 100vw, 1800px\" \/><\/p>\n","protected":false},"excerpt":{"rendered":"<p>La selecci\u00f3n peruana, compuesta por seis jugadores del torneo local viajaron hacia Europa con la finalidad de afrontar los encuentros ante Holanda y Alemania. Lima, 02 de Setiembre 2018, (ANDINA).- La selecci\u00f3n peruana, compuesta por seis jugadores del torneo local viajaron hacia Europa con la finalidad de afrontar los encuentros amistosos ante las selecciones de [&hellip;]<\/p>\n","protected":false},"author":1,"featured_media":32260,"comment_status":"open","ping_status":"open","sticky":false,"template":"","format":"standard","meta":{"rop_custom_images_group":[],"rop_custom_messages_group":[],"rop_publish_now":"initial","rop_publish_now_accounts":[],"rop_publish_now_history":[],"rop_publish_now_status":"pending","footnotes":""},"categories":[8],"tags":[137],"class_list":["post-32258","post","type-post","status-publish","format-standard","has-post-thumbnail","hentry","category-disciplinas-deportivas","tag-seleccion-peruana"],"_links":{"self":[{"href":"https:\/\/elinformanteperu.com\/index.php\/wp-json\/wp\/v2\/posts\/32258","targetHints":{"allow":["GET"]}}],"collection":[{"href":"https:\/\/elinformanteperu.com\/index.php\/wp-json\/wp\/v2\/posts"}],"about":[{"href":"https:\/\/elinformanteperu.com\/index.php\/wp-json\/wp\/v2\/types\/post"}],"author":[{"embeddable":true,"href":"https:\/\/elinformanteperu.com\/index.php\/wp-json\/wp\/v2\/users\/1"}],"replies":[{"embeddable":true,"href":"https:\/\/elinformanteperu.com\/index.php\/wp-json\/wp\/v2\/comments?post=32258"}],"version-history":[{"count":1,"href":"https:\/\/elinformanteperu.com\/index.php\/wp-json\/wp\/v2\/posts\/32258\/revisions"}],"predecessor-version":[{"id":32261,"href":"https:\/\/elinformanteperu.com\/index.php\/wp-json\/wp\/v2\/posts\/32258\/revisions\/32261"}],"wp:featuredmedia":[{"embeddable":true,"href":"https:\/\/elinformanteperu.com\/index.php\/wp-json\/wp\/v2\/media\/32260"}],"wp:attachment":[{"href":"https:\/\/elinformanteperu.com\/index.php\/wp-json\/wp\/v2\/media?parent=32258"}],"wp:term":[{"taxonomy":"category","embeddable":true,"href":"https:\/\/elinformanteperu.com\/index.php\/wp-json\/wp\/v2\/categories?post=32258"},{"taxonomy":"post_tag","embeddable":true,"href":"https:\/\/elinformanteperu.com\/index.php\/wp-json\/wp\/v2\/tags?post=32258"}],"curies":[{"name":"wp","href":"https:\/\/api.w.org\/{rel}","templated":true}]}}