{"id":32242,"date":"2018-09-02T12:00:23","date_gmt":"2018-09-02T17:00:23","guid":{"rendered":"http:\/\/elinformanteperu.com\/?p=32242"},"modified":"2018-09-02T12:00:23","modified_gmt":"2018-09-02T17:00:23","slug":"luka-modric-elegido-mejor-jugador-uefa-de-la-pasada-temporada","status":"publish","type":"post","link":"https:\/\/elinformanteperu.com\/index.php\/2018\/09\/02\/luka-modric-elegido-mejor-jugador-uefa-de-la-pasada-temporada\/","title":{"rendered":"Luka Modric, elegido mejor jugador UEFA de la pasada temporada"},"content":{"rendered":"<p><strong><span style=\"color: #000000;\">Luka Modric, que gan\u00f3 la Liga de Campeones con el Real Madrid y fue finalista del Mundial con Croacia, fue designado como mejor jugador UEFA.<\/span><\/strong><\/p>\n<p><span style=\"color: #000000;\"><strong>M\u00f3naco, 02 de Setiembre 2018, (ANDINA).-<\/strong> Luka Modric, que gan\u00f3 la Liga de Campeones con el Real Madrid y fue finalista del Mundial con Croacia, fue designado en M\u00f3naco como mejor jugador UEFA de la pasada temporada, superando a los otros finalistas, Cristiano Ronaldo (ex Real Madrid, ahora Juventus) y Mohamed Salah (Liverpool).<\/span><\/p>\n<p><span style=\"color: #000000;\">La clasificaci\u00f3n se determina por un jurado que comprende a 80 entrenadores de clubes que participaron en fases de grupos de la Liga de Campeones y la Europa League, as\u00ed como a 55 periodistas, cada uno representando a una de las naciones UEFA.<\/span><\/p>\n<p><span style=\"color: #000000;\">Este galard\u00f3n inicia la carrera de las recompensas individuales de final de a\u00f1o.<\/span><\/p>\n<p><span style=\"color: #000000;\">El pr\u00f3ximo gran premio individual en otorgarse ser\u00e1 el de la FIFA en Londres el 24 de septiembre. Antoine Griezmann (Atl\u00e9tico Madrid), Kylian Mbapp\u00e9 (PSG) y Rapha\u00ebl Varane (Real Madrid), campeones del mundo con Francia en Rusia-2018, est\u00e1n entre los diez finalistas en la categor\u00eda de \u00abmejor jugador del a\u00f1o\u00bb.<\/span><\/p>\n<p><span style=\"color: #000000;\">Cristiano Ronaldo, vencedor en 2016 y 2017, est\u00e1 entre los finalistas igualmente, como Modric, Salah, el argentino Lionel Messi (Barcelona), el ingl\u00e9s Harry Kane (Tottenham) y los belgas Kevin De Bruyne (Manchester City) y Eden Hazard (Chelsea).<\/span><\/p>\n<p><span style=\"color: #000000;\">Desde el final en 2016 del acuerdo entre la FIFA y la revista France Football sobre la concesi\u00f3n conjunta del Bal\u00f3n de Oro, la organizaci\u00f3n que dirige el f\u00fatbol mundial ha resucitado sus propios premios, otorgados tras una votaci\u00f3n entre un jurado de hinchas, adem\u00e1s de periodistas y capitanes y entrenadores de selecciones nacionales.<\/span><\/p>\n<p><span style=\"color: #000000;\">Ese galard\u00f3n podr\u00eda servir de indicativo de cara al Bal\u00f3n de Oro, que deciden \u00fanicamente periodistas y que es el premio m\u00e1s codiciado.<\/span><\/p>\n<p><span style=\"color: #000000;\">Cristiano Ronaldo y Lionel Messi est\u00e1n igualados a cinco Balones de Oro.<\/span><\/p>\n<p><strong><span style=\"color: #000000;\">&#8211; Palmar\u00e9s del premio de mejor jugador UEFA de la temporada:<\/span><\/strong><\/p>\n<p><span style=\"color: #000000;\"><strong>2018:<\/strong> Luka Modric (CRO\/Real Madrid)<\/span><\/p>\n<p><span style=\"color: #000000;\"><strong>2017:<\/strong> Cristiano Ronaldo (POR\/Real Madrid)<\/span><\/p>\n<p><span style=\"color: #000000;\"><strong>2016:<\/strong> Cristiano Ronaldo (POR\/Real Madrid)<\/span><\/p>\n<p><span style=\"color: #000000;\"><strong>2015:<\/strong> Lionel Messi (ARG\/FC Barcelona)<\/span><\/p>\n<p><span style=\"color: #000000;\"><strong>2014:<\/strong> Cristiano Ronaldo (POR\/Real Madrid)<\/span><\/p>\n<p><span style=\"color: #000000;\"><strong>2013:<\/strong> Franck Rib\u00e9ry (FRA\/Bayern M\u00fanich)<\/span><\/p>\n<p><span style=\"color: #000000;\"><strong>2012:<\/strong> Andr\u00e9s Iniesta (ESP\/FC Barcelona)<\/span><\/p>\n<p><span style=\"color: #000000;\"><strong>2011:<\/strong> Lionel Messi (ARG\/FC Barcelona).<\/span><\/p>\n<p><img fetchpriority=\"high\" decoding=\"async\" class=\"aligncenter size-full wp-image-32245\" src=\"http:\/\/elinformanteperu.com\/wp-content\/uploads\/2018\/09\/Luka-Modric4.jpg\" alt=\"\" width=\"1800\" height=\"1198\" srcset=\"https:\/\/elinformanteperu.com\/wp-content\/uploads\/2018\/09\/Luka-Modric4.jpg 1800w, https:\/\/elinformanteperu.com\/wp-content\/uploads\/2018\/09\/Luka-Modric4-300x200.jpg 300w, https:\/\/elinformanteperu.com\/wp-content\/uploads\/2018\/09\/Luka-Modric4-768x511.jpg 768w, https:\/\/elinformanteperu.com\/wp-content\/uploads\/2018\/09\/Luka-Modric4-1024x682.jpg 1024w, https:\/\/elinformanteperu.com\/wp-content\/uploads\/2018\/09\/Luka-Modric4-128x85.jpg 128w, https:\/\/elinformanteperu.com\/wp-content\/uploads\/2018\/09\/Luka-Modric4-32x21.jpg 32w\" sizes=\"(max-width: 1800px) 100vw, 1800px\" \/><\/p>\n","protected":false},"excerpt":{"rendered":"<p>Luka Modric, que gan\u00f3 la Liga de Campeones con el Real Madrid y fue finalista del Mundial con Croacia, fue designado como mejor jugador UEFA. M\u00f3naco, 02 de Setiembre 2018, (ANDINA).- Luka Modric, que gan\u00f3 la Liga de Campeones con el Real Madrid y fue finalista del Mundial con Croacia, fue designado en M\u00f3naco como [&hellip;]<\/p>\n","protected":false},"author":1,"featured_media":32244,"comment_status":"open","ping_status":"open","sticky":false,"template":"","format":"standard","meta":{"rop_custom_images_group":[],"rop_custom_messages_group":[],"rop_publish_now":"initial","rop_publish_now_accounts":[],"rop_publish_now_history":[],"rop_publish_now_status":"pending","footnotes":""},"categories":[8],"tags":[2924],"class_list":["post-32242","post","type-post","status-publish","format-standard","has-post-thumbnail","hentry","category-disciplinas-deportivas","tag-luka-modric"],"_links":{"self":[{"href":"https:\/\/elinformanteperu.com\/index.php\/wp-json\/wp\/v2\/posts\/32242","targetHints":{"allow":["GET"]}}],"collection":[{"href":"https:\/\/elinformanteperu.com\/index.php\/wp-json\/wp\/v2\/posts"}],"about":[{"href":"https:\/\/elinformanteperu.com\/index.php\/wp-json\/wp\/v2\/types\/post"}],"author":[{"embeddable":true,"href":"https:\/\/elinformanteperu.com\/index.php\/wp-json\/wp\/v2\/users\/1"}],"replies":[{"embeddable":true,"href":"https:\/\/elinformanteperu.com\/index.php\/wp-json\/wp\/v2\/comments?post=32242"}],"version-history":[{"count":1,"href":"https:\/\/elinformanteperu.com\/index.php\/wp-json\/wp\/v2\/posts\/32242\/revisions"}],"predecessor-version":[{"id":32246,"href":"https:\/\/elinformanteperu.com\/index.php\/wp-json\/wp\/v2\/posts\/32242\/revisions\/32246"}],"wp:featuredmedia":[{"embeddable":true,"href":"https:\/\/elinformanteperu.com\/index.php\/wp-json\/wp\/v2\/media\/32244"}],"wp:attachment":[{"href":"https:\/\/elinformanteperu.com\/index.php\/wp-json\/wp\/v2\/media?parent=32242"}],"wp:term":[{"taxonomy":"category","embeddable":true,"href":"https:\/\/elinformanteperu.com\/index.php\/wp-json\/wp\/v2\/categories?post=32242"},{"taxonomy":"post_tag","embeddable":true,"href":"https:\/\/elinformanteperu.com\/index.php\/wp-json\/wp\/v2\/tags?post=32242"}],"curies":[{"name":"wp","href":"https:\/\/api.w.org\/{rel}","templated":true}]}}