{"id":32227,"date":"2018-08-23T23:53:03","date_gmt":"2018-08-24T04:53:03","guid":{"rendered":"http:\/\/elinformanteperu.com\/?p=32227"},"modified":"2018-08-23T23:53:03","modified_gmt":"2018-08-24T04:53:03","slug":"fiscal-de-la-nacion-formaliza-denuncia-contra-exministro-giuffra","status":"publish","type":"post","link":"https:\/\/elinformanteperu.com\/index.php\/2018\/08\/23\/fiscal-de-la-nacion-formaliza-denuncia-contra-exministro-giuffra\/","title":{"rendered":"Fiscal de la Naci\u00f3n formaliza denuncia contra exministro Giuffra"},"content":{"rendered":"<p><strong><span style=\"color: #000000;\">El fiscal de la Naci\u00f3n, Pedro Ch\u00e1varry, formaliz\u00f3 denuncia constitucional contra el exministro de Transportes y Comunicaciones, Bruno Giuffra Monteverde.<\/span><\/strong><\/p>\n<p><span style=\"color: #000000;\"><strong>Lima, 23 de Agosto 2018, (ANDINA).-<\/strong> El fiscal de la Naci\u00f3n, Pedro Ch\u00e1varry, formaliz\u00f3 denuncia constitucional contra el exministro de Transportes y Comunicaciones, Bruno Giuffra Monteverde, por su participaci\u00f3n en los ofrecimientos formulados en marzo de este a\u00f1o a congresistas para convencerlos de no apoyar la vacancia del entonces presidente Pedro Pablo Kuczynski.<\/span><\/p>\n<p><span style=\"color: #000000;\">Seg\u00fan inform\u00f3 el Ministerio P\u00fablico, la denuncia del fiscal de la Naci\u00f3n atribuye a Giuffra Monteverde los presuntos delitos de cohecho activo gen\u00e9rico impropio y tr\u00e1fico de influencias en agravio del Estado.<\/span><\/p>\n<p><span style=\"color: #000000;\">Un video grabado sin autorizaci\u00f3n por el legislador fujimorista Mois\u00e9s Mamani mostraba al entonces ministro Giuffra intentando convencerlo de no votar a favor de la vacancia de Kuczynski, para lo cual habr\u00eda ofrecido apoyo del gobierno para sus proyectos.<\/span><\/p>\n<p><span style=\"color: #000000;\">La difusi\u00f3n de ese material audiovisual, as\u00ed como de otros similares, aceler\u00f3 la renuncia del presidente Kuczynski, quien se vio forzado a dejar el cargo para garantizar la estabilidad del pa\u00eds.<\/span><\/p>\n<p><span style=\"color: #000000;\">La denuncia de formulada por Ch\u00e1varry ser\u00e1 presentada a la Presidencia del Congreso, precis\u00f3 el Ministerio P\u00fablico.<\/span><\/p>\n","protected":false},"excerpt":{"rendered":"<p>El fiscal de la Naci\u00f3n, Pedro Ch\u00e1varry, formaliz\u00f3 denuncia constitucional contra el exministro de Transportes y Comunicaciones, Bruno Giuffra Monteverde. Lima, 23 de Agosto 2018, (ANDINA).- El fiscal de la Naci\u00f3n, Pedro Ch\u00e1varry, formaliz\u00f3 denuncia constitucional contra el exministro de Transportes y Comunicaciones, Bruno Giuffra Monteverde, por su participaci\u00f3n en los ofrecimientos formulados en marzo [&hellip;]<\/p>\n","protected":false},"author":1,"featured_media":10975,"comment_status":"open","ping_status":"open","sticky":false,"template":"","format":"standard","meta":{"rop_custom_images_group":[],"rop_custom_messages_group":[],"rop_publish_now":"initial","rop_publish_now_accounts":[],"rop_publish_now_history":[],"rop_publish_now_status":"pending","footnotes":""},"categories":[5],"tags":[283,430,3209],"class_list":["post-32227","post","type-post","status-publish","format-standard","has-post-thumbnail","hentry","category-actualidad-informativa","tag-bruno-giuffra","tag-fiscalia","tag-pedro-chavarry"],"_links":{"self":[{"href":"https:\/\/elinformanteperu.com\/index.php\/wp-json\/wp\/v2\/posts\/32227","targetHints":{"allow":["GET"]}}],"collection":[{"href":"https:\/\/elinformanteperu.com\/index.php\/wp-json\/wp\/v2\/posts"}],"about":[{"href":"https:\/\/elinformanteperu.com\/index.php\/wp-json\/wp\/v2\/types\/post"}],"author":[{"embeddable":true,"href":"https:\/\/elinformanteperu.com\/index.php\/wp-json\/wp\/v2\/users\/1"}],"replies":[{"embeddable":true,"href":"https:\/\/elinformanteperu.com\/index.php\/wp-json\/wp\/v2\/comments?post=32227"}],"version-history":[{"count":1,"href":"https:\/\/elinformanteperu.com\/index.php\/wp-json\/wp\/v2\/posts\/32227\/revisions"}],"predecessor-version":[{"id":32229,"href":"https:\/\/elinformanteperu.com\/index.php\/wp-json\/wp\/v2\/posts\/32227\/revisions\/32229"}],"wp:featuredmedia":[{"embeddable":true,"href":"https:\/\/elinformanteperu.com\/index.php\/wp-json\/wp\/v2\/media\/10975"}],"wp:attachment":[{"href":"https:\/\/elinformanteperu.com\/index.php\/wp-json\/wp\/v2\/media?parent=32227"}],"wp:term":[{"taxonomy":"category","embeddable":true,"href":"https:\/\/elinformanteperu.com\/index.php\/wp-json\/wp\/v2\/categories?post=32227"},{"taxonomy":"post_tag","embeddable":true,"href":"https:\/\/elinformanteperu.com\/index.php\/wp-json\/wp\/v2\/tags?post=32227"}],"curies":[{"name":"wp","href":"https:\/\/api.w.org\/{rel}","templated":true}]}}