{"id":32219,"date":"2018-08-23T23:48:44","date_gmt":"2018-08-24T04:48:44","guid":{"rendered":"http:\/\/elinformanteperu.com\/?p=32219"},"modified":"2018-08-23T23:48:44","modified_gmt":"2018-08-24T04:48:44","slug":"dictan-9-meses-de-prision-preventiva-para-juez-que-habria-recibido-soborno","status":"publish","type":"post","link":"https:\/\/elinformanteperu.com\/index.php\/2018\/08\/23\/dictan-9-meses-de-prision-preventiva-para-juez-que-habria-recibido-soborno\/","title":{"rendered":"Dictan 9 meses de prisi\u00f3n preventiva para juez que habr\u00eda recibido soborno"},"content":{"rendered":"<p><strong><span style=\"color: #000000;\">La Corte Suprema dict\u00f3 9 meses de prisi\u00f3n preventiva contra el juez Juan Emilio Gonz\u00e1les Ch\u00e1vez, quien es investigado por la presunta recepci\u00f3n de una coima de 4,000 soles.<\/span><\/strong><\/p>\n<p><span style=\"color: #000000;\"><strong>Lima, 23 de Agosto 2018, (ANDINA).-<\/strong> La Corte Suprema dict\u00f3 9 meses de prisi\u00f3n preventiva contra el juez Juan Emilio Gonz\u00e1les Ch\u00e1vez, quien es investigado por la presunta recepci\u00f3n de una coima de 4,000 soles.<\/span><\/p>\n<p><span style=\"color: #000000;\">El Poder Judicial inform\u00f3, mediante su cuenta de Twitter, que el referido magistrado es suspendido en el ejercicio de sus funciones como juez por un periodo de 5 a\u00f1os.<\/span><\/p>\n<p><span style=\"color: #000000;\">La Fiscal\u00eda Suprema de Control Interno intervino la tarde del lunes al presidente de la Sexta Sala Superior con Reos Libres de la Corte Superior de Lima, Juan Emilio Gonzales Ch\u00e1vez, cuando recib\u00eda un presunto soborno.<\/span><\/p>\n<p><span style=\"color: #000000;\">Precisamente ayer, la Corte de Lima design\u00f3 a Carmen Rojjasi Pella como nueva presidenta de la Sexta Sala Penal para Procesos con Reos Libres, en reemplazo del detenido juez superior.<\/span><\/p>\n","protected":false},"excerpt":{"rendered":"<p>La Corte Suprema dict\u00f3 9 meses de prisi\u00f3n preventiva contra el juez Juan Emilio Gonz\u00e1les Ch\u00e1vez, quien es investigado por la presunta recepci\u00f3n de una coima de 4,000 soles. Lima, 23 de Agosto 2018, (ANDINA).- La Corte Suprema dict\u00f3 9 meses de prisi\u00f3n preventiva contra el juez Juan Emilio Gonz\u00e1les Ch\u00e1vez, quien es investigado por [&hellip;]<\/p>\n","protected":false},"author":1,"featured_media":32221,"comment_status":"open","ping_status":"open","sticky":false,"template":"","format":"standard","meta":{"rop_custom_images_group":[],"rop_custom_messages_group":[],"rop_publish_now":"initial","rop_publish_now_accounts":[],"rop_publish_now_history":[],"rop_publish_now_status":"pending","footnotes":""},"categories":[5],"tags":[3473,163],"class_list":["post-32219","post","type-post","status-publish","format-standard","has-post-thumbnail","hentry","category-actualidad-informativa","tag-juan-gonzales-chavez","tag-poder-judicial"],"_links":{"self":[{"href":"https:\/\/elinformanteperu.com\/index.php\/wp-json\/wp\/v2\/posts\/32219","targetHints":{"allow":["GET"]}}],"collection":[{"href":"https:\/\/elinformanteperu.com\/index.php\/wp-json\/wp\/v2\/posts"}],"about":[{"href":"https:\/\/elinformanteperu.com\/index.php\/wp-json\/wp\/v2\/types\/post"}],"author":[{"embeddable":true,"href":"https:\/\/elinformanteperu.com\/index.php\/wp-json\/wp\/v2\/users\/1"}],"replies":[{"embeddable":true,"href":"https:\/\/elinformanteperu.com\/index.php\/wp-json\/wp\/v2\/comments?post=32219"}],"version-history":[{"count":1,"href":"https:\/\/elinformanteperu.com\/index.php\/wp-json\/wp\/v2\/posts\/32219\/revisions"}],"predecessor-version":[{"id":32222,"href":"https:\/\/elinformanteperu.com\/index.php\/wp-json\/wp\/v2\/posts\/32219\/revisions\/32222"}],"wp:featuredmedia":[{"embeddable":true,"href":"https:\/\/elinformanteperu.com\/index.php\/wp-json\/wp\/v2\/media\/32221"}],"wp:attachment":[{"href":"https:\/\/elinformanteperu.com\/index.php\/wp-json\/wp\/v2\/media?parent=32219"}],"wp:term":[{"taxonomy":"category","embeddable":true,"href":"https:\/\/elinformanteperu.com\/index.php\/wp-json\/wp\/v2\/categories?post=32219"},{"taxonomy":"post_tag","embeddable":true,"href":"https:\/\/elinformanteperu.com\/index.php\/wp-json\/wp\/v2\/tags?post=32219"}],"curies":[{"name":"wp","href":"https:\/\/api.w.org\/{rel}","templated":true}]}}