{"id":32149,"date":"2018-08-23T20:59:47","date_gmt":"2018-08-24T01:59:47","guid":{"rendered":"http:\/\/elinformanteperu.com\/?p=32149"},"modified":"2018-08-23T20:59:47","modified_gmt":"2018-08-24T01:59:47","slug":"universitario-y-german-denis-su-fichaje-con-gran-cartel-para-el-clausura","status":"publish","type":"post","link":"https:\/\/elinformanteperu.com\/index.php\/2018\/08\/23\/universitario-y-german-denis-su-fichaje-con-gran-cartel-para-el-clausura\/","title":{"rendered":"Universitario y Germ\u00e1n Denis, su fichaje con gran cartel para el Clausura"},"content":{"rendered":"<p><strong><span style=\"color: #000000;\">Universitario, que qued\u00f3 habilitado por la Comisi\u00f3n de Licencia de FPF para realizar contrataciones, anunci\u00f3 el fichaje del jugador argentino Germ\u00e1n Denis.<\/span><\/strong><\/p>\n<p><span style=\"color: #000000;\"><strong>Lima, 23 de Agosto 2018, (ANDINA).-<\/strong> Universitario, que qued\u00f3 habilitado por la Comisi\u00f3n de Licencia de FPF para realizar contrataciones, anunci\u00f3 el fichaje del jugador argentino de 36 a\u00f1os, Germ\u00e1n Denis, quien lleg\u00f3 anoche a Lima y hoy pasar\u00e1 los ex\u00e1menes m\u00e9dicos de rigor.<\/span><\/p>\n<p><span style=\"color: #000000;\">El propio club, a trav\u00e9s de sus redes sociales, oficializ\u00f3 la llegada de Germ\u00e1n Denis , quien tendr\u00e1 la misi\u00f3n de acabar con la sequ\u00eda de goles en la escuadra dirigida por el chileno Nicol\u00e1s C\u00f3rdova.<\/span><\/p>\n<p><span style=\"color: #000000;\">En horas de la tarde de ayer, las fuentes oficiales del conjunto merengue confirmaron la contrataci\u00f3n del ariete argentino y describen sus virtudes como goleador. Adem\u00e1s destacan su paso por la selecci\u00f3n argentina y t\u00edtulo de goleador del torneo argentino en el 2017.<\/span><\/p>\n<p><span style=\"color: #000000;\">Nacido el 10 de setiembre de 1981, Germ\u00e1n Gustavo Denis conocido como \u201cEl Tanque\u201d, llega como jugador libre tras haber militado la \u00faltima temporada en Lan\u00fas. Formado en Talleres de Remedios de Escalada, lleva 20 a\u00f1os de carrera profesional.<\/span><\/p>\n<p><span style=\"color: #000000;\">Fue goleador de Independiente de Avellaneda (37 goles en 70 partidos) y Atalanta de Italia (53 goles en 154 partidos), tuvo tambi\u00e9n un paso por el Napoli, Udinese, Cesena de Italia y previamente en Los Andes, Arsenal y Col\u00f3n de Argentina.<\/span><\/p>\n<p><span style=\"color: #000000;\">En el 2007 fue el goleador del Torneo Argentino con 17 tantos y en ese a\u00f1o fue convocado a la Selecci\u00f3n Argentina para las eliminatorias del Mundial Sud\u00e1frica 2010. Lleva 528 partidos en su carrera profesional con 159 goles en su haber.<\/span><\/p>\n<p><span style=\"color: #000000;\">El futbolista llega como jugador libre, el \u00faltimo club en donde jug\u00f3 fue en Lan\u00fas. Denis no juega profesionalmente desde mayo.<\/span><\/p>\n<p><span style=\"color: #000000;\">El &#8216;Tanque&#8217; pasar\u00e1 los ex\u00e1menes m\u00e9dicos en las primeras horas hoy y posteriormente firmar\u00e1 por el conjunto merengue que lucha por salir de los \u00faltimo lugares de la tabla.<\/span><\/p>\n<p><span style=\"color: #000000;\">Seg\u00fan versiones period\u00edsticas de Argentina, el sueldo del flamante refuerzo crema no baja de los 20 mil d\u00f3lares mensuales.<\/span><\/p>\n<p><img fetchpriority=\"high\" decoding=\"async\" class=\"aligncenter size-full wp-image-24434\" src=\"http:\/\/elinformanteperu.com\/wp-content\/uploads\/2018\/04\/universitario-corzo-gol.jpg\" alt=\"\" width=\"1800\" height=\"1137\" srcset=\"https:\/\/elinformanteperu.com\/wp-content\/uploads\/2018\/04\/universitario-corzo-gol.jpg 1800w, https:\/\/elinformanteperu.com\/wp-content\/uploads\/2018\/04\/universitario-corzo-gol-300x190.jpg 300w, https:\/\/elinformanteperu.com\/wp-content\/uploads\/2018\/04\/universitario-corzo-gol-768x485.jpg 768w, https:\/\/elinformanteperu.com\/wp-content\/uploads\/2018\/04\/universitario-corzo-gol-1024x647.jpg 1024w, https:\/\/elinformanteperu.com\/wp-content\/uploads\/2018\/04\/universitario-corzo-gol-128x81.jpg 128w, https:\/\/elinformanteperu.com\/wp-content\/uploads\/2018\/04\/universitario-corzo-gol-32x20.jpg 32w\" sizes=\"(max-width: 1800px) 100vw, 1800px\" \/><\/p>\n","protected":false},"excerpt":{"rendered":"<p>Universitario, que qued\u00f3 habilitado por la Comisi\u00f3n de Licencia de FPF para realizar contrataciones, anunci\u00f3 el fichaje del jugador argentino Germ\u00e1n Denis. Lima, 23 de Agosto 2018, (ANDINA).- Universitario, que qued\u00f3 habilitado por la Comisi\u00f3n de Licencia de FPF para realizar contrataciones, anunci\u00f3 el fichaje del jugador argentino de 36 a\u00f1os, Germ\u00e1n Denis, quien lleg\u00f3 [&hellip;]<\/p>\n","protected":false},"author":1,"featured_media":32151,"comment_status":"open","ping_status":"open","sticky":false,"template":"","format":"standard","meta":{"rop_custom_images_group":[],"rop_custom_messages_group":[],"rop_publish_now":"initial","rop_publish_now_accounts":[],"rop_publish_now_history":[],"rop_publish_now_status":"pending","footnotes":""},"categories":[8],"tags":[3472,144],"class_list":["post-32149","post","type-post","status-publish","format-standard","has-post-thumbnail","hentry","category-disciplinas-deportivas","tag-german-denis","tag-universitario-de-deportes"],"_links":{"self":[{"href":"https:\/\/elinformanteperu.com\/index.php\/wp-json\/wp\/v2\/posts\/32149","targetHints":{"allow":["GET"]}}],"collection":[{"href":"https:\/\/elinformanteperu.com\/index.php\/wp-json\/wp\/v2\/posts"}],"about":[{"href":"https:\/\/elinformanteperu.com\/index.php\/wp-json\/wp\/v2\/types\/post"}],"author":[{"embeddable":true,"href":"https:\/\/elinformanteperu.com\/index.php\/wp-json\/wp\/v2\/users\/1"}],"replies":[{"embeddable":true,"href":"https:\/\/elinformanteperu.com\/index.php\/wp-json\/wp\/v2\/comments?post=32149"}],"version-history":[{"count":1,"href":"https:\/\/elinformanteperu.com\/index.php\/wp-json\/wp\/v2\/posts\/32149\/revisions"}],"predecessor-version":[{"id":32152,"href":"https:\/\/elinformanteperu.com\/index.php\/wp-json\/wp\/v2\/posts\/32149\/revisions\/32152"}],"wp:featuredmedia":[{"embeddable":true,"href":"https:\/\/elinformanteperu.com\/index.php\/wp-json\/wp\/v2\/media\/32151"}],"wp:attachment":[{"href":"https:\/\/elinformanteperu.com\/index.php\/wp-json\/wp\/v2\/media?parent=32149"}],"wp:term":[{"taxonomy":"category","embeddable":true,"href":"https:\/\/elinformanteperu.com\/index.php\/wp-json\/wp\/v2\/categories?post=32149"},{"taxonomy":"post_tag","embeddable":true,"href":"https:\/\/elinformanteperu.com\/index.php\/wp-json\/wp\/v2\/tags?post=32149"}],"curies":[{"name":"wp","href":"https:\/\/api.w.org\/{rel}","templated":true}]}}