{"id":31951,"date":"2018-08-15T23:36:36","date_gmt":"2018-08-16T04:36:36","guid":{"rendered":"http:\/\/elinformanteperu.com\/?p=31951"},"modified":"2018-08-15T23:36:36","modified_gmt":"2018-08-16T04:36:36","slug":"paolo-guerrero-apoteosica-presentacion-ante-hinchas-del-inter-de-porto-alegre","status":"publish","type":"post","link":"https:\/\/elinformanteperu.com\/index.php\/2018\/08\/15\/paolo-guerrero-apoteosica-presentacion-ante-hinchas-del-inter-de-porto-alegre\/","title":{"rendered":"Paolo Guerrero: apote\u00f3sica presentaci\u00f3n ante hinchas del Inter de Porto Alegre"},"content":{"rendered":"<p><strong><span style=\"color: #000000;\">El delantero peruano Paolo Guerrero es presentado oficialmente por el Inter de Porto Alegre en una conferencia de prensa.<\/span><\/strong><\/p>\n<p><span style=\"color: #000000;\"><strong>Lima, 15 de Agosto 2018, (ANDINA).-<\/strong> El delantero peruano Paolo Guerrero es presentado oficialmente por el Inter de Porto Alegre en una conferencia de prensa, en la que dijo que es un privilegio para \u00e9l pertenecer a un club tan hist\u00f3rico.<\/span><\/p>\n<p><span style=\"color: #000000;\">Paolo Guerrero expres\u00f3 sentirse feliz por su fichaje y agreg\u00f3 que espera estar lo m\u00e1s pronto posible en el campo de juego defendiendo al Inter.<\/span><\/p>\n<p><span style=\"color: #000000;\">Indic\u00f3 que escogi\u00f3 el n\u00famero 79 en el dorsal de su camiseta ya que en 1979 fue el \u00faltimo campeonato brasile\u00f1o obtenido por su nuevo cuadro.<\/span><\/p>\n<p><span style=\"color: #000000;\">\u00abEstoy muy orgulloso de jugar con esta camiseta\u00bb, refiri\u00f3.<\/span><\/p>\n<p><img fetchpriority=\"high\" decoding=\"async\" class=\"aligncenter size-full wp-image-31954\" src=\"http:\/\/elinformanteperu.com\/wp-content\/uploads\/2018\/08\/paolo-inter1.jpg\" alt=\"\" width=\"1800\" height=\"1200\" srcset=\"https:\/\/elinformanteperu.com\/wp-content\/uploads\/2018\/08\/paolo-inter1.jpg 1800w, https:\/\/elinformanteperu.com\/wp-content\/uploads\/2018\/08\/paolo-inter1-300x200.jpg 300w, https:\/\/elinformanteperu.com\/wp-content\/uploads\/2018\/08\/paolo-inter1-768x512.jpg 768w, https:\/\/elinformanteperu.com\/wp-content\/uploads\/2018\/08\/paolo-inter1-1024x683.jpg 1024w, https:\/\/elinformanteperu.com\/wp-content\/uploads\/2018\/08\/paolo-inter1-128x85.jpg 128w, https:\/\/elinformanteperu.com\/wp-content\/uploads\/2018\/08\/paolo-inter1-32x21.jpg 32w\" sizes=\"(max-width: 1800px) 100vw, 1800px\" \/><\/p>\n<p><span style=\"color: #000000;\">Paolo Guerrero fue presentado ante los torcedores del Inter en el estadio del club, en un ambiente de devoci\u00f3n total hacia el delantero peruano, que se perfila como estrella y l\u00edder del cuadro colorado.<\/span><\/p>\n<p><span style=\"color: #000000;\">Un espectacular recibimiento en el que empieza a forjarse la relaci\u00f3n entre Guerrero y la hinchada interiana.<\/span><\/p>\n<p><strong><span style=\"color: #000000;\">Llegada<\/span><\/strong><\/p>\n<p><span style=\"color: #000000;\">A su llegada a Porto Alegre, Paolo Guerrero recibi\u00f3 la multitudinaria ovaci\u00f3n de los hinchas del Inter.<\/span><\/p>\n<p><span style=\"color: #000000;\">El delantero peruano jugar\u00e1 por el Inter de Porto Alegre hasta el 2021.<\/span><\/p>\n<p>https:\/\/www.facebook.com\/scinternacional\/videos\/2165415220338815\/<\/p>\n","protected":false},"excerpt":{"rendered":"<p>El delantero peruano Paolo Guerrero es presentado oficialmente por el Inter de Porto Alegre en una conferencia de prensa. Lima, 15 de Agosto 2018, (ANDINA).- El delantero peruano Paolo Guerrero es presentado oficialmente por el Inter de Porto Alegre en una conferencia de prensa, en la que dijo que es un privilegio para \u00e9l pertenecer [&hellip;]<\/p>\n","protected":false},"author":1,"featured_media":31953,"comment_status":"open","ping_status":"open","sticky":false,"template":"","format":"standard","meta":{"rop_custom_images_group":[],"rop_custom_messages_group":[],"rop_publish_now":"initial","rop_publish_now_accounts":[],"rop_publish_now_history":[],"rop_publish_now_status":"pending","footnotes":""},"categories":[8],"tags":[3445,203],"class_list":["post-31951","post","type-post","status-publish","format-standard","has-post-thumbnail","hentry","category-disciplinas-deportivas","tag-inter-de-porto-alegre","tag-paolo-guerrero"],"_links":{"self":[{"href":"https:\/\/elinformanteperu.com\/index.php\/wp-json\/wp\/v2\/posts\/31951","targetHints":{"allow":["GET"]}}],"collection":[{"href":"https:\/\/elinformanteperu.com\/index.php\/wp-json\/wp\/v2\/posts"}],"about":[{"href":"https:\/\/elinformanteperu.com\/index.php\/wp-json\/wp\/v2\/types\/post"}],"author":[{"embeddable":true,"href":"https:\/\/elinformanteperu.com\/index.php\/wp-json\/wp\/v2\/users\/1"}],"replies":[{"embeddable":true,"href":"https:\/\/elinformanteperu.com\/index.php\/wp-json\/wp\/v2\/comments?post=31951"}],"version-history":[{"count":1,"href":"https:\/\/elinformanteperu.com\/index.php\/wp-json\/wp\/v2\/posts\/31951\/revisions"}],"predecessor-version":[{"id":31955,"href":"https:\/\/elinformanteperu.com\/index.php\/wp-json\/wp\/v2\/posts\/31951\/revisions\/31955"}],"wp:featuredmedia":[{"embeddable":true,"href":"https:\/\/elinformanteperu.com\/index.php\/wp-json\/wp\/v2\/media\/31953"}],"wp:attachment":[{"href":"https:\/\/elinformanteperu.com\/index.php\/wp-json\/wp\/v2\/media?parent=31951"}],"wp:term":[{"taxonomy":"category","embeddable":true,"href":"https:\/\/elinformanteperu.com\/index.php\/wp-json\/wp\/v2\/categories?post=31951"},{"taxonomy":"post_tag","embeddable":true,"href":"https:\/\/elinformanteperu.com\/index.php\/wp-json\/wp\/v2\/tags?post=31951"}],"curies":[{"name":"wp","href":"https:\/\/api.w.org\/{rel}","templated":true}]}}