{"id":31759,"date":"2018-08-10T06:32:04","date_gmt":"2018-08-10T11:32:04","guid":{"rendered":"http:\/\/elinformanteperu.com\/?p=31759"},"modified":"2018-08-10T06:32:04","modified_gmt":"2018-08-10T11:32:04","slug":"suboficial-fap-fallecio-en-enfrentamiento-con-terroristas","status":"publish","type":"post","link":"https:\/\/elinformanteperu.com\/index.php\/2018\/08\/10\/suboficial-fap-fallecio-en-enfrentamiento-con-terroristas\/","title":{"rendered":"Suboficial FAP falleci\u00f3 en enfrentamiento con terroristas"},"content":{"rendered":"<p><strong><span style=\"color: #000000;\">El suboficial de tercera de la Fuerza A\u00e9rea del Per\u00fa (FAP), Elmer Quispe R\u00edos, falleci\u00f3 durante un enfrentamiento con delincuentes terroristas en el\u00a0 Vraem.<\/span><\/strong><\/p>\n<p><span style=\"color: #000000;\"><strong>Lima, 09 de Agosto 2018, (ANDINA).<\/strong>&#8211; El suboficial de tercera de la Fuerza A\u00e9rea del Per\u00fa (FAP), Elmer Quispe R\u00edos, falleci\u00f3 durante un enfrentamiento con delincuentes terroristas en el Valle de los R\u00edos Apur\u00edmac, Ene y Mantaro (Vraem).<\/span><\/p>\n<p><span style=\"color: #000000;\">En un comunicado, el Comando Conjunto de las Fuerzas Armadas inform\u00f3 que el choque ocurri\u00f3 a las 13:00 horas en el distrito de Canayre, provincia de Huanta, regi\u00f3n Ayacucho, en el marco de las operaciones ofensivas que desarrolla el Comando Especial VRAEM.<\/span><\/p>\n<p><span style=\"color: #000000;\">Tras lamentar el fallecimiento del suboficial, el Comando Conjunto expres\u00f3 su m\u00e1s sentido p\u00e9same a los familiares.<\/span><\/p>\n<p><span style=\"color: #000000;\">De igual modo, reafirm\u00f3 su compromiso de intensificar sus acciones destinadas a lograr la pacificaci\u00f3n total del VRAEM.<\/span><\/p>\n<p><span style=\"color: #000000;\">Patrullas de las Fuerzas Armadas contin\u00faan con las operaciones en la zona.<\/span><\/p>\n","protected":false},"excerpt":{"rendered":"<p>El suboficial de tercera de la Fuerza A\u00e9rea del Per\u00fa (FAP), Elmer Quispe R\u00edos, falleci\u00f3 durante un enfrentamiento con delincuentes terroristas en el\u00a0 Vraem. Lima, 09 de Agosto 2018, (ANDINA).&#8211; El suboficial de tercera de la Fuerza A\u00e9rea del Per\u00fa (FAP), Elmer Quispe R\u00edos, falleci\u00f3 durante un enfrentamiento con delincuentes terroristas en el Valle de [&hellip;]<\/p>\n","protected":false},"author":1,"featured_media":31761,"comment_status":"open","ping_status":"open","sticky":false,"template":"","format":"standard","meta":{"rop_custom_images_group":[],"rop_custom_messages_group":[],"rop_publish_now":"initial","rop_publish_now_accounts":[],"rop_publish_now_history":[],"rop_publish_now_status":"pending","footnotes":""},"categories":[5],"tags":[1944,1060],"class_list":["post-31759","post","type-post","status-publish","format-standard","has-post-thumbnail","hentry","category-actualidad-informativa","tag-fap","tag-vraem"],"_links":{"self":[{"href":"https:\/\/elinformanteperu.com\/index.php\/wp-json\/wp\/v2\/posts\/31759","targetHints":{"allow":["GET"]}}],"collection":[{"href":"https:\/\/elinformanteperu.com\/index.php\/wp-json\/wp\/v2\/posts"}],"about":[{"href":"https:\/\/elinformanteperu.com\/index.php\/wp-json\/wp\/v2\/types\/post"}],"author":[{"embeddable":true,"href":"https:\/\/elinformanteperu.com\/index.php\/wp-json\/wp\/v2\/users\/1"}],"replies":[{"embeddable":true,"href":"https:\/\/elinformanteperu.com\/index.php\/wp-json\/wp\/v2\/comments?post=31759"}],"version-history":[{"count":1,"href":"https:\/\/elinformanteperu.com\/index.php\/wp-json\/wp\/v2\/posts\/31759\/revisions"}],"predecessor-version":[{"id":31762,"href":"https:\/\/elinformanteperu.com\/index.php\/wp-json\/wp\/v2\/posts\/31759\/revisions\/31762"}],"wp:featuredmedia":[{"embeddable":true,"href":"https:\/\/elinformanteperu.com\/index.php\/wp-json\/wp\/v2\/media\/31761"}],"wp:attachment":[{"href":"https:\/\/elinformanteperu.com\/index.php\/wp-json\/wp\/v2\/media?parent=31759"}],"wp:term":[{"taxonomy":"category","embeddable":true,"href":"https:\/\/elinformanteperu.com\/index.php\/wp-json\/wp\/v2\/categories?post=31759"},{"taxonomy":"post_tag","embeddable":true,"href":"https:\/\/elinformanteperu.com\/index.php\/wp-json\/wp\/v2\/tags?post=31759"}],"curies":[{"name":"wp","href":"https:\/\/api.w.org\/{rel}","templated":true}]}}