{"id":31692,"date":"2018-08-09T22:07:42","date_gmt":"2018-08-10T03:07:42","guid":{"rendered":"http:\/\/elinformanteperu.com\/?p=31692"},"modified":"2018-08-09T22:07:42","modified_gmt":"2018-08-10T03:07:42","slug":"academia-de-hollywood-anuncia-cambios-en-entrega-de-premios-oscar","status":"publish","type":"post","link":"https:\/\/elinformanteperu.com\/index.php\/2018\/08\/09\/academia-de-hollywood-anuncia-cambios-en-entrega-de-premios-oscar\/","title":{"rendered":"Academia de Hollywood anuncia cambios en entrega de premios Oscar"},"content":{"rendered":"<p><strong><span style=\"color: #000000;\">La Academia de las Artes y las Ciencias Cinematogr\u00e1ficas estadounidense anunci\u00f3 cambios para las pr\u00f3ximas entregas de los premios Oscar.<\/span><\/strong><\/p>\n<p><span style=\"color: #000000;\"><strong>Los \u00c1ngeles, 09 de Agosto 2018, (PL).-<\/strong> La Academia de las Artes y las Ciencias Cinematogr\u00e1ficas estadounidense anunci\u00f3 cambios para las pr\u00f3ximas entregas de los premios Oscar, en aras de lograr una ceremonia m\u00e1s atractiva y accesible para los espectadores de todo el mundo.<\/span><\/p>\n<p><span style=\"color: #000000;\">Acortar la duraci\u00f3n de la emisi\u00f3n televisiva de la ceremonia y la inclusi\u00f3n de un nuevo apartado para premiar las cintas m\u00e1s populares figuran entre las novedades, seg\u00fan dio a conocer la instituci\u00f3n en un comunicado dirigido a sus miembros.<\/span><\/p>\n<p><span style=\"color: #000000;\">La entidad tambi\u00e9n anunci\u00f3 su intenci\u00f3n de adelantar la fecha de entrega de los galardones, por lo que en 2020 la se efectuar\u00e1 el 9 de febrero, 14 d\u00edas antes de lo establecido hasta el momento.<\/span><\/p>\n<p><span style=\"color: #000000;\">Seg\u00fan la Academia, las decisiones fueron tomadas luego de escuchar qu\u00e9 cambios y evoluciones solicita la comunidad, y afirma que en el futuro &#8216;seguir\u00e1 luchando por hacer de la ceremonia de los Oscar un elemento relevante en un mundo tan cambiante como el nuestro&#8217;.<\/span><\/p>\n<p><span style=\"color: #000000;\">La instituci\u00f3n tambi\u00e9n reeligi\u00f3 a su presidente John Bailey, cargo que ocupa desde 2017.<\/span><\/p>\n<p><img fetchpriority=\"high\" decoding=\"async\" class=\"aligncenter size-full wp-image-23208\" src=\"http:\/\/elinformanteperu.com\/wp-content\/uploads\/2018\/03\/oscar-2018-1.jpg\" alt=\"\" width=\"1200\" height=\"800\" srcset=\"https:\/\/elinformanteperu.com\/wp-content\/uploads\/2018\/03\/oscar-2018-1.jpg 1200w, https:\/\/elinformanteperu.com\/wp-content\/uploads\/2018\/03\/oscar-2018-1-300x200.jpg 300w, https:\/\/elinformanteperu.com\/wp-content\/uploads\/2018\/03\/oscar-2018-1-768x512.jpg 768w, https:\/\/elinformanteperu.com\/wp-content\/uploads\/2018\/03\/oscar-2018-1-1024x683.jpg 1024w, https:\/\/elinformanteperu.com\/wp-content\/uploads\/2018\/03\/oscar-2018-1-128x85.jpg 128w, https:\/\/elinformanteperu.com\/wp-content\/uploads\/2018\/03\/oscar-2018-1-32x21.jpg 32w\" sizes=\"(max-width: 1200px) 100vw, 1200px\" \/><\/p>\n","protected":false},"excerpt":{"rendered":"<p>La Academia de las Artes y las Ciencias Cinematogr\u00e1ficas estadounidense anunci\u00f3 cambios para las pr\u00f3ximas entregas de los premios Oscar. Los \u00c1ngeles, 09 de Agosto 2018, (PL).- La Academia de las Artes y las Ciencias Cinematogr\u00e1ficas estadounidense anunci\u00f3 cambios para las pr\u00f3ximas entregas de los premios Oscar, en aras de lograr una ceremonia m\u00e1s atractiva [&hellip;]<\/p>\n","protected":false},"author":1,"featured_media":31694,"comment_status":"open","ping_status":"open","sticky":false,"template":"","format":"standard","meta":{"rop_custom_images_group":[],"rop_custom_messages_group":[],"rop_publish_now":"initial","rop_publish_now_accounts":[],"rop_publish_now_history":[],"rop_publish_now_status":"pending","footnotes":""},"categories":[7],"tags":[3097,3381],"class_list":["post-31692","post","type-post","status-publish","format-standard","has-post-thumbnail","hentry","category-butaca","tag-el-oscar","tag-oscar-2019"],"_links":{"self":[{"href":"https:\/\/elinformanteperu.com\/index.php\/wp-json\/wp\/v2\/posts\/31692","targetHints":{"allow":["GET"]}}],"collection":[{"href":"https:\/\/elinformanteperu.com\/index.php\/wp-json\/wp\/v2\/posts"}],"about":[{"href":"https:\/\/elinformanteperu.com\/index.php\/wp-json\/wp\/v2\/types\/post"}],"author":[{"embeddable":true,"href":"https:\/\/elinformanteperu.com\/index.php\/wp-json\/wp\/v2\/users\/1"}],"replies":[{"embeddable":true,"href":"https:\/\/elinformanteperu.com\/index.php\/wp-json\/wp\/v2\/comments?post=31692"}],"version-history":[{"count":1,"href":"https:\/\/elinformanteperu.com\/index.php\/wp-json\/wp\/v2\/posts\/31692\/revisions"}],"predecessor-version":[{"id":31695,"href":"https:\/\/elinformanteperu.com\/index.php\/wp-json\/wp\/v2\/posts\/31692\/revisions\/31695"}],"wp:featuredmedia":[{"embeddable":true,"href":"https:\/\/elinformanteperu.com\/index.php\/wp-json\/wp\/v2\/media\/31694"}],"wp:attachment":[{"href":"https:\/\/elinformanteperu.com\/index.php\/wp-json\/wp\/v2\/media?parent=31692"}],"wp:term":[{"taxonomy":"category","embeddable":true,"href":"https:\/\/elinformanteperu.com\/index.php\/wp-json\/wp\/v2\/categories?post=31692"},{"taxonomy":"post_tag","embeddable":true,"href":"https:\/\/elinformanteperu.com\/index.php\/wp-json\/wp\/v2\/tags?post=31692"}],"curies":[{"name":"wp","href":"https:\/\/api.w.org\/{rel}","templated":true}]}}