{"id":31652,"date":"2018-08-09T19:40:41","date_gmt":"2018-08-10T00:40:41","guid":{"rendered":"http:\/\/elinformanteperu.com\/?p=31652"},"modified":"2018-08-09T19:40:41","modified_gmt":"2018-08-10T00:40:41","slug":"denzel-washington-regresa-a-la-cartelera-con-el-justiciero-2","status":"publish","type":"post","link":"https:\/\/elinformanteperu.com\/index.php\/2018\/08\/09\/denzel-washington-regresa-a-la-cartelera-con-el-justiciero-2\/","title":{"rendered":"Denzel Washington regresa a la cartelera con \u00abEl Justiciero 2\u00bb"},"content":{"rendered":"<p><strong><span style=\"color: #000000;\">El gran actor Denzel Washington vuelve con \u00abEl Justiciero 2\u00bb bajo la direcci\u00f3n de Antoine Faqua. La pel\u00edcula llega a nuestras salas de cine a partir del 9 de agosto.<\/span><\/strong><\/p>\n<p><span style=\"color: #000000;\"><strong>Lima, 09 de Agosto 2018, (ANDINA).-<\/strong> Dirigida por Antoine Faqua y escrita por Richard Wenk, \u201cEl Justiciero 2\u201d llega a nuestras salas de cine luego de su primer estreno en el 2014. El film basado en la vida de un hombre que deja su tranquila vida por salvar a una chica controlada por g\u00e1nster rusos convirti\u00e9ndose as\u00ed en \u201cel justiciero\u201d, vuelve con su segunda trama este 9 de agosto.<\/span><\/p>\n<p><img fetchpriority=\"high\" decoding=\"async\" class=\"aligncenter size-full wp-image-31655\" src=\"http:\/\/elinformanteperu.com\/wp-content\/uploads\/2018\/08\/el-justiciero-2.jpg\" alt=\"\" width=\"908\" height=\"606\" srcset=\"https:\/\/elinformanteperu.com\/wp-content\/uploads\/2018\/08\/el-justiciero-2.jpg 908w, https:\/\/elinformanteperu.com\/wp-content\/uploads\/2018\/08\/el-justiciero-2-300x200.jpg 300w, https:\/\/elinformanteperu.com\/wp-content\/uploads\/2018\/08\/el-justiciero-2-768x513.jpg 768w, https:\/\/elinformanteperu.com\/wp-content\/uploads\/2018\/08\/el-justiciero-2-128x85.jpg 128w, https:\/\/elinformanteperu.com\/wp-content\/uploads\/2018\/08\/el-justiciero-2-32x21.jpg 32w\" sizes=\"(max-width: 908px) 100vw, 908px\" \/><\/p>\n<p><span style=\"color: #000000;\">Shaton Sanders, Pedro Pascal, Melissa Leo y Bill Pullman son los otros talentos que acompa\u00f1ar\u00e1n a Denzel Washington, en su primer trabajo como parte de una secuela. Esta nueva trama de acci\u00f3n y suspenso espera romper la taquilla en nuestro pa\u00eds, as\u00ed como lo hizo en los pa\u00edses como Estados Unidos y Canad\u00e1, recaudando US$35 millones.<\/span><\/p>\n<p><span style=\"color: #000000;\">La historia contin\u00faa cuando Robert McCall se entera de que una de sus amigas, Susan, ha sido asesinada. McCall decide volver a sus viejos m\u00e9todos y buscar, encontrar y castigar a los perpetradores.<\/span><\/p>\n<p><span style=\"color: #000000;\">\u201cEl Justiciero 2\u201d llega a nuestras salas de cine a partir del 9 de agosto.<\/span><\/p>\n<p><img decoding=\"async\" class=\"aligncenter size-full wp-image-31656\" src=\"http:\/\/elinformanteperu.com\/wp-content\/uploads\/2018\/08\/el-justiciero-2-1.jpg\" alt=\"\" width=\"908\" height=\"570\" srcset=\"https:\/\/elinformanteperu.com\/wp-content\/uploads\/2018\/08\/el-justiciero-2-1.jpg 908w, https:\/\/elinformanteperu.com\/wp-content\/uploads\/2018\/08\/el-justiciero-2-1-300x188.jpg 300w, https:\/\/elinformanteperu.com\/wp-content\/uploads\/2018\/08\/el-justiciero-2-1-768x482.jpg 768w, https:\/\/elinformanteperu.com\/wp-content\/uploads\/2018\/08\/el-justiciero-2-1-128x80.jpg 128w, https:\/\/elinformanteperu.com\/wp-content\/uploads\/2018\/08\/el-justiciero-2-1-32x20.jpg 32w\" sizes=\"(max-width: 908px) 100vw, 908px\" \/><\/p>\n<p><iframe title=\"El Justiciero 2 | Trailer Oficial\" width=\"615\" height=\"346\" src=\"https:\/\/www.youtube.com\/embed\/hoE568b2kRw?feature=oembed\" frameborder=\"0\" allow=\"accelerometer; autoplay; clipboard-write; encrypted-media; gyroscope; picture-in-picture; web-share\" referrerpolicy=\"strict-origin-when-cross-origin\" allowfullscreen><\/iframe><\/p>\n","protected":false},"excerpt":{"rendered":"<p>El gran actor Denzel Washington vuelve con \u00abEl Justiciero 2\u00bb bajo la direcci\u00f3n de Antoine Faqua. La pel\u00edcula llega a nuestras salas de cine a partir del 9 de agosto. Lima, 09 de Agosto 2018, (ANDINA).- Dirigida por Antoine Faqua y escrita por Richard Wenk, \u201cEl Justiciero 2\u201d llega a nuestras salas de cine luego [&hellip;]<\/p>\n","protected":false},"author":1,"featured_media":31654,"comment_status":"open","ping_status":"open","sticky":false,"template":"","format":"standard","meta":{"rop_custom_images_group":[],"rop_custom_messages_group":[],"rop_publish_now":"initial","rop_publish_now_accounts":[],"rop_publish_now_history":[],"rop_publish_now_status":"pending","footnotes":""},"categories":[7],"tags":[3028,3030],"class_list":["post-31652","post","type-post","status-publish","format-standard","has-post-thumbnail","hentry","category-butaca","tag-denzel-washington","tag-el-justiciero-2"],"_links":{"self":[{"href":"https:\/\/elinformanteperu.com\/index.php\/wp-json\/wp\/v2\/posts\/31652","targetHints":{"allow":["GET"]}}],"collection":[{"href":"https:\/\/elinformanteperu.com\/index.php\/wp-json\/wp\/v2\/posts"}],"about":[{"href":"https:\/\/elinformanteperu.com\/index.php\/wp-json\/wp\/v2\/types\/post"}],"author":[{"embeddable":true,"href":"https:\/\/elinformanteperu.com\/index.php\/wp-json\/wp\/v2\/users\/1"}],"replies":[{"embeddable":true,"href":"https:\/\/elinformanteperu.com\/index.php\/wp-json\/wp\/v2\/comments?post=31652"}],"version-history":[{"count":1,"href":"https:\/\/elinformanteperu.com\/index.php\/wp-json\/wp\/v2\/posts\/31652\/revisions"}],"predecessor-version":[{"id":31657,"href":"https:\/\/elinformanteperu.com\/index.php\/wp-json\/wp\/v2\/posts\/31652\/revisions\/31657"}],"wp:featuredmedia":[{"embeddable":true,"href":"https:\/\/elinformanteperu.com\/index.php\/wp-json\/wp\/v2\/media\/31654"}],"wp:attachment":[{"href":"https:\/\/elinformanteperu.com\/index.php\/wp-json\/wp\/v2\/media?parent=31652"}],"wp:term":[{"taxonomy":"category","embeddable":true,"href":"https:\/\/elinformanteperu.com\/index.php\/wp-json\/wp\/v2\/categories?post=31652"},{"taxonomy":"post_tag","embeddable":true,"href":"https:\/\/elinformanteperu.com\/index.php\/wp-json\/wp\/v2\/tags?post=31652"}],"curies":[{"name":"wp","href":"https:\/\/api.w.org\/{rel}","templated":true}]}}