{"id":3146,"date":"2016-12-23T22:22:14","date_gmt":"2016-12-24T03:22:14","guid":{"rendered":"http:\/\/elinformanteperu.com\/?p=3146"},"modified":"2016-12-23T22:22:14","modified_gmt":"2016-12-24T03:22:14","slug":"charlie-aponte-cantara-en-lima-junto-al-cano-estremera","status":"publish","type":"post","link":"https:\/\/elinformanteperu.com\/index.php\/2016\/12\/23\/charlie-aponte-cantara-en-lima-junto-al-cano-estremera\/","title":{"rendered":"Charlie Aponte cantar\u00e1 en Lima junto al Cano Estremera"},"content":{"rendered":"<p><strong>Tras 41 a\u00f1os de carrera con la Universidad de la Salsa, el ahora solista Charlie Aponte cantar\u00e1 en Lima por primera vez junto a su compatriota Cano Estremera<\/strong><\/p>\n<p><strong>Lima, 22 Diciembre 2016, (ANDINA).<\/strong>&#8211; Tras 41 a\u00f1os de carrera con la Universidad de la Salsa, el ahora solista Charlie Aponte cantar\u00e1 en Lima por primera vez junto a su compatriota Cano Estremera<\/p>\n<p>Ellos se unir\u00e1n en tarima en el denominado concierto \u00bb Los due\u00f1os del soneo\u00bb que se realizar\u00e1 el 28 de enero en el Centro de Convenciones Arena de Barranco.<\/p>\n<p>\u00abPara festejar\u00bb es el nuevo single solista de Charlie Aponte, que fue producido por Sergio George y que estuvo diez semanas en el top del Billboard Latino.<\/p>\n<p>Este ser\u00e1 estrenado en Lima sin obviar sus grandes \u00e9xitos como \u00abTrampol\u00edn\u00bb, \u00abAguacero\u00bb y \u00abBrujer\u00eda\u00bb, que interpret\u00f3 durante su paso por El Gran Combo de Puerto Rico.<\/p>\n<p><iframe src=\"https:\/\/www.youtube-nocookie.com\/embed\/OQ2gaukmbSI?rel=0&amp;controls=0&amp;showinfo=0\" width=\"560\" height=\"315\" frameborder=\"0\" allowfullscreen=\"allowfullscreen\"><\/iframe><\/p>\n","protected":false},"excerpt":{"rendered":"<p>Tras 41 a\u00f1os de carrera con la Universidad de la Salsa, el ahora solista Charlie Aponte cantar\u00e1 en Lima por primera vez junto a su compatriota Cano Estremera Lima, 22 Diciembre 2016, (ANDINA).&#8211; Tras 41 a\u00f1os de carrera con la Universidad de la Salsa, el ahora solista Charlie Aponte cantar\u00e1 en Lima por primera vez [&hellip;]<\/p>\n","protected":false},"author":1,"featured_media":3147,"comment_status":"open","ping_status":"open","sticky":false,"template":"","format":"standard","meta":{"rop_custom_images_group":[],"rop_custom_messages_group":[],"rop_publish_now":"initial","rop_publish_now_accounts":[],"rop_publish_now_history":[],"rop_publish_now_status":"pending","footnotes":""},"categories":[69],"tags":[627,626],"class_list":["post-3146","post","type-post","status-publish","format-standard","has-post-thumbnail","hentry","category-musica","tag-cano-estremera","tag-charlie-aponte"],"_links":{"self":[{"href":"https:\/\/elinformanteperu.com\/index.php\/wp-json\/wp\/v2\/posts\/3146","targetHints":{"allow":["GET"]}}],"collection":[{"href":"https:\/\/elinformanteperu.com\/index.php\/wp-json\/wp\/v2\/posts"}],"about":[{"href":"https:\/\/elinformanteperu.com\/index.php\/wp-json\/wp\/v2\/types\/post"}],"author":[{"embeddable":true,"href":"https:\/\/elinformanteperu.com\/index.php\/wp-json\/wp\/v2\/users\/1"}],"replies":[{"embeddable":true,"href":"https:\/\/elinformanteperu.com\/index.php\/wp-json\/wp\/v2\/comments?post=3146"}],"version-history":[{"count":2,"href":"https:\/\/elinformanteperu.com\/index.php\/wp-json\/wp\/v2\/posts\/3146\/revisions"}],"predecessor-version":[{"id":3149,"href":"https:\/\/elinformanteperu.com\/index.php\/wp-json\/wp\/v2\/posts\/3146\/revisions\/3149"}],"wp:featuredmedia":[{"embeddable":true,"href":"https:\/\/elinformanteperu.com\/index.php\/wp-json\/wp\/v2\/media\/3147"}],"wp:attachment":[{"href":"https:\/\/elinformanteperu.com\/index.php\/wp-json\/wp\/v2\/media?parent=3146"}],"wp:term":[{"taxonomy":"category","embeddable":true,"href":"https:\/\/elinformanteperu.com\/index.php\/wp-json\/wp\/v2\/categories?post=3146"},{"taxonomy":"post_tag","embeddable":true,"href":"https:\/\/elinformanteperu.com\/index.php\/wp-json\/wp\/v2\/tags?post=3146"}],"curies":[{"name":"wp","href":"https:\/\/api.w.org\/{rel}","templated":true}]}}