{"id":31394,"date":"2018-08-03T07:30:56","date_gmt":"2018-08-03T12:30:56","guid":{"rendered":"http:\/\/elinformanteperu.com\/?p=31394"},"modified":"2018-08-03T07:30:56","modified_gmt":"2018-08-03T12:30:56","slug":"detienen-a-alcalde-de-la-victoria-por-presunto-vinculo-con-organizacion-criminal","status":"publish","type":"post","link":"https:\/\/elinformanteperu.com\/index.php\/2018\/08\/03\/detienen-a-alcalde-de-la-victoria-por-presunto-vinculo-con-organizacion-criminal\/","title":{"rendered":"Detienen a alcalde de La Victoria por presunto v\u00ednculo con organizaci\u00f3n criminal"},"content":{"rendered":"<p><strong><span style=\"color: #000000;\">La Polic\u00eda y la Fiscal\u00eda detuvieron al alcalde de La Victoria, El\u00edas Cuba Bautista, y a su hijo Eliseo, por sus presuntos v\u00ednculos con la organizaci\u00f3n criminal \u00abLos Intocables ediles\u00bb.<\/span><\/strong><\/p>\n<p><span style=\"color: #000000;\"><strong>Lima, 02 de Agosto 2018, (ANDINA).-<\/strong> En un operativo conjunto, la Polic\u00eda y la Fiscal\u00eda detuvieron al alcalde de La Victoria, El\u00edas Cuba Bautista, y a su hijo Eliseo, por sus presuntos v\u00ednculos con la organizaci\u00f3n criminal \u00abLos Intocables ediles\u00bb, dedicada a los delitos de corrupci\u00f3n de funcionarios, colusi\u00f3n y cobro indebido, inform\u00f3 el Ministerio del Interior (Mininter).<\/span><\/p>\n<p><span style=\"color: #000000;\">El\u00edas Cuba, alias &#8216;El uno&#8217;, fue detenido en su domicilio, ubicado en la avenida Jos\u00e9 de Rivadeyra 1072, y se le sindica como l\u00edder de dicha banda en la que tambi\u00e9n participaba su hijo Eliseo, y otros 22 funcionarios, quienes tambi\u00e9n fueron detenidos.<\/span><\/p>\n<p><span style=\"color: #000000;\">El ministro del Interior, Mauro Medina, se\u00f1al\u00f3 que en este megaoperativo, en el que participaron m\u00e1s de 1,000 polic\u00edas y 60 fiscales, se intervinieron 51 viviendas de manera simult\u00e1nea en seis distritos de Lima, y se detuvo a 22 personas vinculadas a dicha organizaci\u00f3n criminal.<\/span><\/p>\n<p><span style=\"color: #000000;\">Dijo que el hijo del alcalde, Eliseo Cubas Rodr\u00edguez, era el encargado de realizar cobros il\u00edcitos y vend\u00eda espacios p\u00fablicos para la organizaci\u00f3n de ferias.<\/span><\/p>\n","protected":false},"excerpt":{"rendered":"<p>La Polic\u00eda y la Fiscal\u00eda detuvieron al alcalde de La Victoria, El\u00edas Cuba Bautista, y a su hijo Eliseo, por sus presuntos v\u00ednculos con la organizaci\u00f3n criminal \u00abLos Intocables ediles\u00bb. Lima, 02 de Agosto 2018, (ANDINA).- En un operativo conjunto, la Polic\u00eda y la Fiscal\u00eda detuvieron al alcalde de La Victoria, El\u00edas Cuba Bautista, y [&hellip;]<\/p>\n","protected":false},"author":1,"featured_media":31396,"comment_status":"open","ping_status":"open","sticky":false,"template":"","format":"standard","meta":{"rop_custom_images_group":[],"rop_custom_messages_group":[],"rop_publish_now":"initial","rop_publish_now_accounts":[],"rop_publish_now_history":[],"rop_publish_now_status":"pending","footnotes":""},"categories":[10],"tags":[3428,402],"class_list":["post-31394","post","type-post","status-publish","format-standard","has-post-thumbnail","hentry","category-actualidad-municipal","tag-elias-cuba-bautista","tag-municipalidad-de-la-victoria"],"_links":{"self":[{"href":"https:\/\/elinformanteperu.com\/index.php\/wp-json\/wp\/v2\/posts\/31394","targetHints":{"allow":["GET"]}}],"collection":[{"href":"https:\/\/elinformanteperu.com\/index.php\/wp-json\/wp\/v2\/posts"}],"about":[{"href":"https:\/\/elinformanteperu.com\/index.php\/wp-json\/wp\/v2\/types\/post"}],"author":[{"embeddable":true,"href":"https:\/\/elinformanteperu.com\/index.php\/wp-json\/wp\/v2\/users\/1"}],"replies":[{"embeddable":true,"href":"https:\/\/elinformanteperu.com\/index.php\/wp-json\/wp\/v2\/comments?post=31394"}],"version-history":[{"count":1,"href":"https:\/\/elinformanteperu.com\/index.php\/wp-json\/wp\/v2\/posts\/31394\/revisions"}],"predecessor-version":[{"id":31397,"href":"https:\/\/elinformanteperu.com\/index.php\/wp-json\/wp\/v2\/posts\/31394\/revisions\/31397"}],"wp:featuredmedia":[{"embeddable":true,"href":"https:\/\/elinformanteperu.com\/index.php\/wp-json\/wp\/v2\/media\/31396"}],"wp:attachment":[{"href":"https:\/\/elinformanteperu.com\/index.php\/wp-json\/wp\/v2\/media?parent=31394"}],"wp:term":[{"taxonomy":"category","embeddable":true,"href":"https:\/\/elinformanteperu.com\/index.php\/wp-json\/wp\/v2\/categories?post=31394"},{"taxonomy":"post_tag","embeddable":true,"href":"https:\/\/elinformanteperu.com\/index.php\/wp-json\/wp\/v2\/tags?post=31394"}],"curies":[{"name":"wp","href":"https:\/\/api.w.org\/{rel}","templated":true}]}}