{"id":31390,"date":"2018-08-03T07:24:05","date_gmt":"2018-08-03T12:24:05","guid":{"rendered":"http:\/\/elinformanteperu.com\/?p=31390"},"modified":"2018-08-03T07:24:05","modified_gmt":"2018-08-03T12:24:05","slug":"cooperacion-de-empresa-odebrecht-se-ha-destrabado-y-restaurado-sin-restricciones","status":"publish","type":"post","link":"https:\/\/elinformanteperu.com\/index.php\/2018\/08\/03\/cooperacion-de-empresa-odebrecht-se-ha-destrabado-y-restaurado-sin-restricciones\/","title":{"rendered":"Cooperaci\u00f3n de empresa Odebrecht se ha destrabado y restaurado sin restricciones"},"content":{"rendered":"<p><strong><span style=\"color: #000000;\">El fiscal superior Rafael Vela anunci\u00f3 que la cooperaci\u00f3n de la empresa Odebrecht con la justicia peruana ha sido \u201cdestrabada, descongelada y restaurada\u201d.<\/span><\/strong><\/p>\n<p><span style=\"color: #000000;\"><strong>Lima, 02 de Agosto 2018, (ANDINA).-<\/strong> El fiscal superior Rafael Vela anunci\u00f3 que fruto de las negociaciones iniciadas por el Ministerio P\u00fablico, la cooperaci\u00f3n de la empresa Odebrecht con la justicia peruana ha sido \u201cdestrabada, descongelada y restaurada\u201d sin ning\u00fan tipo de restricci\u00f3n.<\/span><\/p>\n<p><span style=\"color: #000000;\">En conferencia de prensa, Vela, coordinador del Equipo Especial de Fiscales abocados a investigar el caso Lava Jato, precis\u00f3 que la Fiscal\u00eda peruana ha suscrito un acta de entendimiento a trav\u00e9s de la cual, Odebrecht se compromete a colaborar con la justicia nacional.<\/span><\/p>\n<p><span style=\"color: #000000;\">\u201cTenemos la mejor expectativa, somos optimistas de que vamos a hacer el trabajo que el pa\u00eds exige\u201d, indic\u00f3.<\/span><\/p>\n<p><span style=\"color: #000000;\">El Acta Fiscal de Coordinaci\u00f3n Superior de Entendimiento Mutuo para la Culminaci\u00f3n del Procedimiento de Colaboraci\u00f3n Eficaz fue suscrito por Vela Barba; Ricardo Machado, abogado de la empresa Odebrecht; Carlos Kauffmann, abogado de Jorge Barata; y Lourdes Carre\u00f1o Carcel\u00e9n, apoderada de las empresas Odebrecht en el Per\u00fa.<\/span><\/p>\n<p><span style=\"color: #000000;\">El objetivo de este convenio es \u00abdestrabar y viabilizar\u00bb el acuerdo final de colaboraci\u00f3n eficaz y establecer las condiciones para utilizar las pruebas respecto a los hechos relacionados con el pago de sobornos a funcionarios peruanos por parte de Odebrecht.<\/span><\/p>\n<p><span style=\"color: #000000;\">En virtud a este acuerdo, las partes se comprometen a establecer un cronograma de trabajo que permita la celebraci\u00f3n del acuerdo final de colaboraci\u00f3n eficaz de Odebrecht, sus funcionarios y exfuncionarios, en un plazo m\u00e1ximo de 45 d\u00edas calendarios.<\/span><\/p>\n<p><span style=\"color: #000000;\">Asimismo, Odebrecht y su exrepresentante en el Per\u00fa, Jorge Barata, se comprometen a informar a las autoridades brasile\u00f1as que no se opondr\u00e1n a la entrega de los documentos y\/o realizaci\u00f3n de las declaraciones solicitadas por el Ministerio P\u00fablico.<\/span><\/p>\n<p><span style=\"color: #000000;\">\u00abEl Ministerio P\u00fablico, conforme a los objetivos de la Colaboraci\u00f3n Eficaz, dispondr\u00e1 la conclusi\u00f3n (archivamiento o sobrese\u00edmiento conforme a ley) de las investigaciones en Per\u00fa -y no iniciar\u00e1 otras- en contra de la empresa, de sus funcionarios y\/o ex funcionarios\u00bb, se\u00f1ala uno de los puntos del acuerdo.<\/span><\/p>\n<p><span style=\"color: #000000;\">Finalmente, Jorge Barata se compromete a prestar las declaraciones que el Ministerio P\u00fablico requiera, conforme a los lineamientos establecidos en el presente acuerdo de entendimiento y manifiesta su disposici\u00f3n a declarar conforme al procedimiento de Cooperaci\u00f3n Judicial Internacional.<\/span><\/p>\n<p><span style=\"color: #000000;\">Vela Barba manifest\u00f3 que este acuerdo ha sido fruto de un \u00abagresivo plan de negociaci\u00f3n conjunta con la justicia brasile\u00f1a y la empresa Odebrecht\u00bb.<\/span><\/p>\n<p><span style=\"color: #000000;\">Indic\u00f3 que la Fiscal\u00eda considera que se trata de un punto de partida muy importante para que exista en el futuro cercano una \u00abdeflagraci\u00f3n\u00bb en la colaboraci\u00f3n extranjeros respecto al caso Lava Jato.<\/span><\/p>\n<p><span style=\"color: #000000;\">Precis\u00f3, adem\u00e1s, que este nuevo convenio no implica ning\u00fan tipo de renegociaci\u00f3n del acuerdo original de colaboraci\u00f3n eficaz de Odebrecht, pues ello hubiera a\u00f1adido mayor complejidad a la necesidad de destrabar la colaboraci\u00f3n eficaz.<\/span><\/p>\n<p><span style=\"color: #000000;\">El Ministerio P\u00fablico peruano investiga los pagos de sobornos realizados por la empresa Odebrecht a funcionarios de tres gobiernos peruanos con la finalidad de ganar las licitaciones de obras p\u00fablicas.<\/span><\/p>\n<p><span style=\"color: #000000;\">Seg\u00fan la versi\u00f3n de la propia empresa brasile\u00f1a, habr\u00eda pagado cerca de 30 millones de d\u00f3lares a funcionarios en el Per\u00fa entre 2001 y el 2015.<\/span><\/p>\n","protected":false},"excerpt":{"rendered":"<p>El fiscal superior Rafael Vela anunci\u00f3 que la cooperaci\u00f3n de la empresa Odebrecht con la justicia peruana ha sido \u201cdestrabada, descongelada y restaurada\u201d. Lima, 02 de Agosto 2018, (ANDINA).- El fiscal superior Rafael Vela anunci\u00f3 que fruto de las negociaciones iniciadas por el Ministerio P\u00fablico, la cooperaci\u00f3n de la empresa Odebrecht con la justicia peruana [&hellip;]<\/p>\n","protected":false},"author":1,"featured_media":31392,"comment_status":"open","ping_status":"open","sticky":false,"template":"","format":"standard","meta":{"rop_custom_images_group":[],"rop_custom_messages_group":[],"rop_publish_now":"initial","rop_publish_now_accounts":[],"rop_publish_now_history":[],"rop_publish_now_status":"pending","footnotes":""},"categories":[5],"tags":[430,619,3427],"class_list":["post-31390","post","type-post","status-publish","format-standard","has-post-thumbnail","hentry","category-actualidad-informativa","tag-fiscalia","tag-odebrecht","tag-rafael-vela"],"_links":{"self":[{"href":"https:\/\/elinformanteperu.com\/index.php\/wp-json\/wp\/v2\/posts\/31390","targetHints":{"allow":["GET"]}}],"collection":[{"href":"https:\/\/elinformanteperu.com\/index.php\/wp-json\/wp\/v2\/posts"}],"about":[{"href":"https:\/\/elinformanteperu.com\/index.php\/wp-json\/wp\/v2\/types\/post"}],"author":[{"embeddable":true,"href":"https:\/\/elinformanteperu.com\/index.php\/wp-json\/wp\/v2\/users\/1"}],"replies":[{"embeddable":true,"href":"https:\/\/elinformanteperu.com\/index.php\/wp-json\/wp\/v2\/comments?post=31390"}],"version-history":[{"count":1,"href":"https:\/\/elinformanteperu.com\/index.php\/wp-json\/wp\/v2\/posts\/31390\/revisions"}],"predecessor-version":[{"id":31393,"href":"https:\/\/elinformanteperu.com\/index.php\/wp-json\/wp\/v2\/posts\/31390\/revisions\/31393"}],"wp:featuredmedia":[{"embeddable":true,"href":"https:\/\/elinformanteperu.com\/index.php\/wp-json\/wp\/v2\/media\/31392"}],"wp:attachment":[{"href":"https:\/\/elinformanteperu.com\/index.php\/wp-json\/wp\/v2\/media?parent=31390"}],"wp:term":[{"taxonomy":"category","embeddable":true,"href":"https:\/\/elinformanteperu.com\/index.php\/wp-json\/wp\/v2\/categories?post=31390"},{"taxonomy":"post_tag","embeddable":true,"href":"https:\/\/elinformanteperu.com\/index.php\/wp-json\/wp\/v2\/tags?post=31390"}],"curies":[{"name":"wp","href":"https:\/\/api.w.org\/{rel}","templated":true}]}}