{"id":31387,"date":"2018-08-03T07:21:00","date_gmt":"2018-08-03T12:21:00","guid":{"rendered":"http:\/\/elinformanteperu.com\/?p=31387"},"modified":"2018-08-03T07:21:00","modified_gmt":"2018-08-03T12:21:00","slug":"sanchez-propondra-que-zoraida-avalos-asuma-fiscalia-de-la-nacion","status":"publish","type":"post","link":"https:\/\/elinformanteperu.com\/index.php\/2018\/08\/03\/sanchez-propondra-que-zoraida-avalos-asuma-fiscalia-de-la-nacion\/","title":{"rendered":"S\u00e1nchez propondr\u00e1 que Zoraida \u00c1valos asuma Fiscal\u00eda de la Naci\u00f3n"},"content":{"rendered":"<p><strong><span style=\"color: #000000;\">En la reuni\u00f3n de la Junta de Fiscales, el extitular del Ministerio P\u00fablico, Pablo S\u00e1nchez, propondr\u00e1 que la magistrada Zoraida \u00c1valos asuma interinamente la Fiscal\u00eda de la Naci\u00f3n.<\/span><\/strong><\/p>\n<p><span style=\"color: #000000;\"><strong>Lima, 02 de Agosto 2018, (ANDINA).-<\/strong> En la reuni\u00f3n de la Junta de Fiscales, el extitular del Ministerio P\u00fablico, Pablo S\u00e1nchez, propondr\u00e1 que la magistrada Zoraida \u00c1valos asuma interinamente la Fiscal\u00eda de la Naci\u00f3n en reemplazo de Pedro Ch\u00e1varry.<\/span><\/p>\n<p><span style=\"color: #000000;\">Sostuvo que dicho cambio deber\u00eda proceder teniendo en cuenta los cuestionamientos que viene recibiendo el actual fiscal de la Naci\u00f3n.<\/span><\/p>\n<p><span style=\"color: #000000;\">Indic\u00f3 que la asunci\u00f3n de \u00c1valos al m\u00e1ximo cargo del Ministerio P\u00fablico \u201csolucionar\u00eda los problemas que se tiene en el Ministerio P\u00fablico\u201d<\/span><\/p>\n<p><span style=\"color: #000000;\">\u201cComo se est\u00e1n presentando las cosas y debido a que hay muchas dudas e intereses, tengo que adelantar lo que iba a decir ma\u00f1ana en la Junta de Fiscales\u201d, indic\u00f3 en declaraciones a Canal N.<\/span><\/p>\n<p><span style=\"color: #000000;\">Ch\u00e1varry viene siendo objeto de cuestionamientos que ponen en tela de duda su capacidad para dirigir el Ministerio P\u00fablico debido a su relaci\u00f3n con el juez supremo C\u00e9sar Hinostroza, presunto integrante de la organizaci\u00f3n criminal \u201cLos cuellos blancos del puerto\u201d.<\/span><\/p>\n<p><span style=\"color: #000000;\">Las cr\u00edticas arreciaron cuando Ch\u00e1varry se vio obligado a admitir que acudi\u00f3 a una reuni\u00f3n con periodistas organizada por Hinostroza y el empresario Antonio Camayo, la cual hab\u00eda negado en varias oportunidades.<\/span><\/p>\n","protected":false},"excerpt":{"rendered":"<p>En la reuni\u00f3n de la Junta de Fiscales, el extitular del Ministerio P\u00fablico, Pablo S\u00e1nchez, propondr\u00e1 que la magistrada Zoraida \u00c1valos asuma interinamente la Fiscal\u00eda de la Naci\u00f3n. Lima, 02 de Agosto 2018, (ANDINA).- En la reuni\u00f3n de la Junta de Fiscales, el extitular del Ministerio P\u00fablico, Pablo S\u00e1nchez, propondr\u00e1 que la magistrada Zoraida \u00c1valos [&hellip;]<\/p>\n","protected":false},"author":1,"featured_media":18125,"comment_status":"open","ping_status":"open","sticky":false,"template":"","format":"standard","meta":{"rop_custom_images_group":[],"rop_custom_messages_group":[],"rop_publish_now":"initial","rop_publish_now_accounts":[],"rop_publish_now_history":[],"rop_publish_now_status":"pending","footnotes":""},"categories":[5],"tags":[430,347,3209,3426],"class_list":["post-31387","post","type-post","status-publish","format-standard","has-post-thumbnail","hentry","category-actualidad-informativa","tag-fiscalia","tag-pablo-sanchez","tag-pedro-chavarry","tag-zoraida-avalos"],"_links":{"self":[{"href":"https:\/\/elinformanteperu.com\/index.php\/wp-json\/wp\/v2\/posts\/31387","targetHints":{"allow":["GET"]}}],"collection":[{"href":"https:\/\/elinformanteperu.com\/index.php\/wp-json\/wp\/v2\/posts"}],"about":[{"href":"https:\/\/elinformanteperu.com\/index.php\/wp-json\/wp\/v2\/types\/post"}],"author":[{"embeddable":true,"href":"https:\/\/elinformanteperu.com\/index.php\/wp-json\/wp\/v2\/users\/1"}],"replies":[{"embeddable":true,"href":"https:\/\/elinformanteperu.com\/index.php\/wp-json\/wp\/v2\/comments?post=31387"}],"version-history":[{"count":1,"href":"https:\/\/elinformanteperu.com\/index.php\/wp-json\/wp\/v2\/posts\/31387\/revisions"}],"predecessor-version":[{"id":31389,"href":"https:\/\/elinformanteperu.com\/index.php\/wp-json\/wp\/v2\/posts\/31387\/revisions\/31389"}],"wp:featuredmedia":[{"embeddable":true,"href":"https:\/\/elinformanteperu.com\/index.php\/wp-json\/wp\/v2\/media\/18125"}],"wp:attachment":[{"href":"https:\/\/elinformanteperu.com\/index.php\/wp-json\/wp\/v2\/media?parent=31387"}],"wp:term":[{"taxonomy":"category","embeddable":true,"href":"https:\/\/elinformanteperu.com\/index.php\/wp-json\/wp\/v2\/categories?post=31387"},{"taxonomy":"post_tag","embeddable":true,"href":"https:\/\/elinformanteperu.com\/index.php\/wp-json\/wp\/v2\/tags?post=31387"}],"curies":[{"name":"wp","href":"https:\/\/api.w.org\/{rel}","templated":true}]}}