{"id":31383,"date":"2018-08-03T07:18:10","date_gmt":"2018-08-03T12:18:10","guid":{"rendered":"http:\/\/elinformanteperu.com\/?p=31383"},"modified":"2018-08-03T07:18:10","modified_gmt":"2018-08-03T12:18:10","slug":"fiscal-jose-domingo-perez-denuncia-presiones-para-no-investigar-anotaciones-de-odebrecht","status":"publish","type":"post","link":"https:\/\/elinformanteperu.com\/index.php\/2018\/08\/03\/fiscal-jose-domingo-perez-denuncia-presiones-para-no-investigar-anotaciones-de-odebrecht\/","title":{"rendered":"Fiscal Jos\u00e9 Domingo P\u00e9rez denuncia presiones para no investigar anotaciones de Odebrecht"},"content":{"rendered":"<p><strong><span style=\"color: #000000;\">El fiscal Jos\u00e9 Domingo P\u00e9rez, integrante del equipo especial del Ministerio P\u00fablico que investiga el caso Lavo Jato, denunci\u00f3 que sufri\u00f3 presiones dentro del Ministerio P\u00fablico.<\/span><\/strong><\/p>\n<p><span style=\"color: #000000;\"><strong>Lima, 02 de Agosto 2018, (ANDINA).-<\/strong> El fiscal Jos\u00e9 Domingo P\u00e9rez, integrante del equipo especial del Ministerio P\u00fablico que investiga el caso Lavo Jato, denunci\u00f3 hoy que sufri\u00f3 presiones dentro del Ministerio P\u00fablico para no investigar las anotaciones \u201cAG\u201d y \u201cAumentar Keiko a 500 y hacer visita\u201d, de Marcelo Odebrecht.<\/span><\/p>\n<p><span style=\"color: #000000;\">En declaraciones a Canal N, asegur\u00f3 que el fiscal Alonso Pe\u00f1a Cabrera, jefe de la Unidad de Cooperaci\u00f3n Internacional del Ministerio P\u00fablico, le indic\u00f3 que no pod\u00eda hacer preguntar a los representantes de la empresa Odebrecht sobre la anotaci\u00f3n \u201cAG\u201d.<\/span><\/p>\n<p><span style=\"color: #000000;\">Indic\u00f3 que inform\u00f3 de esta situaci\u00f3n al fiscal Rafael Vela y al propio entonces fiscal de la Naci\u00f3n, Pablo S\u00e1nchez, quien, seg\u00fan asegur\u00f3, dud\u00f3 de su palabra.<\/span><\/p>\n<p><span style=\"color: #000000;\">\u201cMe dijo que probablemente yo hab\u00eda entendido mal. Qued\u00e9 decepcionado de \u00e9l\u201d, indic\u00f3.<\/span><\/p>\n<p><span style=\"color: #000000;\">Asimismo, manifest\u00f3 que cuando decidi\u00f3 allanar los locales del partido pol\u00edtico Fuerza Popular, personal del fiscal de la Naci\u00f3n le pidieron que declare ante la prensa que el \u00fanico responsable de autorizar la diligencia era \u00e9l y que ninguna otra autoridad del Ministerio P\u00fablico ten\u00eda conocimiento de ella.<\/span><\/p>\n<p><span style=\"color: #000000;\">Asegur\u00f3 que, posteriormente, Pablo S\u00e1nchez le dijo: \u201cNo sabes con qui\u00e9n te has metido\u201d, en referencia a Fuerza Popular<\/span><\/p>\n<p><span style=\"color: #000000;\">Como se sabe, las anotaciones \u201cAG\u201d y \u201cAumentar Keiko a 500 y hacer visita\u201d, han sido atribuidas al expresidente Alan Garc\u00eda y a Keiko Fujimori, lideresa de Fuerza Popular.<\/span><\/p>\n<p><span style=\"color: #000000;\">Posteriormente, el fiscal Alonso Pe\u00f1a neg\u00f3 las acusaciones de Jos\u00e9 Domingo P\u00e9rez y asegur\u00f3 que la anotaci\u00f3n \u201cAG\u201d nunca estuvo en la agenda de interrogatorio porque las preguntas ya hab\u00edan sido enviadas para su traducci\u00f3n.<\/span><\/p>\n<p><span style=\"color: #000000;\">\u201cEso volv\u00eda inviable hablar sobre AG. AG nunca estuvo en agenda\u201d, manifest\u00f3.<\/span><\/p>\n<p><span style=\"color: #000000;\">Por su parte, el exfiscal de la Naci\u00f3n, Pablo S\u00e1nchez, neg\u00f3 tambi\u00e9n haber presionado para que no investigue al partido Fuerza Popular.<\/span><\/p>\n<p><span style=\"color: #000000;\">En otro momento, Jos\u00e9 Domingo P\u00e9rez opin\u00f3 que el fiscal de la Naci\u00f3n, Pedro Ch\u00e1varry, no es el m\u00e1s id\u00f3neo para desempe\u00f1arse en ese cargo debido a los cuestionamientos \u00e9ticos a su persona.<\/span><\/p>\n<p><span style=\"color: #000000;\">Dijo que, debido a ello, solicit\u00f3 retornar a su plaza original, pedido que dej\u00f3 de lado a pedido del fiscal Rafael Vela Barba.<\/span><\/p>\n","protected":false},"excerpt":{"rendered":"<p>El fiscal Jos\u00e9 Domingo P\u00e9rez, integrante del equipo especial del Ministerio P\u00fablico que investiga el caso Lavo Jato, denunci\u00f3 que sufri\u00f3 presiones dentro del Ministerio P\u00fablico. Lima, 02 de Agosto 2018, (ANDINA).- El fiscal Jos\u00e9 Domingo P\u00e9rez, integrante del equipo especial del Ministerio P\u00fablico que investiga el caso Lavo Jato, denunci\u00f3 hoy que sufri\u00f3 presiones [&hellip;]<\/p>\n","protected":false},"author":1,"featured_media":31385,"comment_status":"open","ping_status":"open","sticky":false,"template":"","format":"standard","meta":{"rop_custom_images_group":[],"rop_custom_messages_group":[],"rop_publish_now":"initial","rop_publish_now_accounts":[],"rop_publish_now_history":[],"rop_publish_now_status":"pending","footnotes":""},"categories":[5],"tags":[2568,619],"class_list":["post-31383","post","type-post","status-publish","format-standard","has-post-thumbnail","hentry","category-actualidad-informativa","tag-jose-domingo-perez","tag-odebrecht"],"_links":{"self":[{"href":"https:\/\/elinformanteperu.com\/index.php\/wp-json\/wp\/v2\/posts\/31383","targetHints":{"allow":["GET"]}}],"collection":[{"href":"https:\/\/elinformanteperu.com\/index.php\/wp-json\/wp\/v2\/posts"}],"about":[{"href":"https:\/\/elinformanteperu.com\/index.php\/wp-json\/wp\/v2\/types\/post"}],"author":[{"embeddable":true,"href":"https:\/\/elinformanteperu.com\/index.php\/wp-json\/wp\/v2\/users\/1"}],"replies":[{"embeddable":true,"href":"https:\/\/elinformanteperu.com\/index.php\/wp-json\/wp\/v2\/comments?post=31383"}],"version-history":[{"count":1,"href":"https:\/\/elinformanteperu.com\/index.php\/wp-json\/wp\/v2\/posts\/31383\/revisions"}],"predecessor-version":[{"id":31386,"href":"https:\/\/elinformanteperu.com\/index.php\/wp-json\/wp\/v2\/posts\/31383\/revisions\/31386"}],"wp:featuredmedia":[{"embeddable":true,"href":"https:\/\/elinformanteperu.com\/index.php\/wp-json\/wp\/v2\/media\/31385"}],"wp:attachment":[{"href":"https:\/\/elinformanteperu.com\/index.php\/wp-json\/wp\/v2\/media?parent=31383"}],"wp:term":[{"taxonomy":"category","embeddable":true,"href":"https:\/\/elinformanteperu.com\/index.php\/wp-json\/wp\/v2\/categories?post=31383"},{"taxonomy":"post_tag","embeddable":true,"href":"https:\/\/elinformanteperu.com\/index.php\/wp-json\/wp\/v2\/tags?post=31383"}],"curies":[{"name":"wp","href":"https:\/\/api.w.org\/{rel}","templated":true}]}}