{"id":31372,"date":"2018-08-03T07:08:38","date_gmt":"2018-08-03T12:08:38","guid":{"rendered":"http:\/\/elinformanteperu.com\/?p=31372"},"modified":"2018-08-03T07:08:38","modified_gmt":"2018-08-03T12:08:38","slug":"torneo-apertura-fecha-11-si-se-jugara-y-tendra-al-cristal-u-como-plato-fuerte","status":"publish","type":"post","link":"https:\/\/elinformanteperu.com\/index.php\/2018\/08\/03\/torneo-apertura-fecha-11-si-se-jugara-y-tendra-al-cristal-u-como-plato-fuerte\/","title":{"rendered":"Torneo Apertura: fecha 11 s\u00ed se jugar\u00e1 y tendr\u00e1 al Cristal-\u00abU\u00bb como plato fuerte"},"content":{"rendered":"<p><strong><span style=\"color: #000000;\">La Asociaci\u00f3n Deportiva del F\u00fatbol Profesional (ADFP) decidi\u00f3 no suspender el Torneo Apertura y program\u00f3 la jornada 11 que se disputar\u00e1 desde ma\u00f1ana.<\/span><\/strong><\/p>\n<p><span style=\"color: #000000;\"><strong>Lima, 03 de Agosto 2018, (ANDINA).-<\/strong> La Asociaci\u00f3n Deportiva del F\u00fatbol Profesional (ADFP) decidi\u00f3 no suspender el Torneo Apertura y program\u00f3 la jornada 11 que se disputar\u00e1 desde ma\u00f1ana y tendr\u00e1 como el partido m\u00e1s atractivo el que sostendr\u00e1n Sporting Cristal ante Universitario, a las 20:00 horas, en el Estadio Nacional. Alianza Lima y San Mart\u00edn chocan el domingo.<\/span><\/p>\n<p><span style=\"color: #000000;\">La fecha 11 se jugar\u00e1 de la siguiente manera:<\/span><\/p>\n<p><strong><span style=\"color: #000000;\">S\u00e1bado 4 de agosto<\/span><\/strong><br \/>\n<span style=\"color: #000000;\"><strong>Estadio:<\/strong> Miguel Grau<\/span><br \/>\n<span style=\"color: #000000;\"><strong>15:30 horas:<\/strong> Sport Boys-Ayacucho FC<\/span><\/p>\n<p><span style=\"color: #000000;\"><strong>Estadio:<\/strong> Garcilaso de la Vega<\/span><br \/>\n<span style=\"color: #000000;\"><strong>17:45 horas:<\/strong> Real Garcilaso-UTC<\/span><\/p>\n<p><span style=\"color: #000000;\"><strong>Estadio:<\/strong> Nacional<\/span><br \/>\n<span style=\"color: #000000;\">20:00 horas: Sporting Cristal-Universitario<\/span><\/p>\n<p><strong><span style=\"color: #000000;\">Domingo 5 de agosto<\/span><\/strong><br \/>\n<span style=\"color: #000000;\"><strong>Estadio:<\/strong> Carlos A. Olivares<\/span><br \/>\n<span style=\"color: #000000;\"><strong>11:00 horas:<\/strong> Comerciantes Unidos- Melgar<\/span><\/p>\n<p><span style=\"color: #000000;\"><strong>Estadio:<\/strong> Miguel Grau<\/span><br \/>\n<span style=\"color: #000000;\"><strong>13:30 horas:<\/strong> Deportivo Municipal-Cantolao<\/span><\/p>\n<p><span style=\"color: #000000;\"><strong>Estadio:<\/strong> Alejandro Villanueva<\/span><br \/>\n<span style=\"color: #000000;\">16:00 horas: Alianza Lima-San Mart\u00edn<\/span><\/p>\n<p><span style=\"color: #000000;\"><strong>Estadio:<\/strong> Rosas Pampa<\/span><br \/>\n<span style=\"color: #000000;\"><strong>18:15 horas:<\/strong> Sport Rosario -Sport Huancayo<\/span><\/p>\n<p><strong><span style=\"color: #000000;\">Lunes 6 de agosto<\/span><\/strong><br \/>\n<span style=\"color: #000000;\"><strong>Estadio:<\/strong> 25 de noviembre<\/span><br \/>\n<span style=\"color: #000000;\"><strong>15:30 horas:<\/strong> Binacional-Uni\u00f3n Comercio.<\/span><\/p>\n<p><img fetchpriority=\"high\" decoding=\"async\" class=\"aligncenter size-full wp-image-23304\" src=\"http:\/\/elinformanteperu.com\/wp-content\/uploads\/2018\/03\/sport-huancayo-union-espa\u00f1ola1.jpg\" alt=\"\" width=\"1800\" height=\"1198\" srcset=\"https:\/\/elinformanteperu.com\/wp-content\/uploads\/2018\/03\/sport-huancayo-union-espa\u00f1ola1.jpg 1800w, https:\/\/elinformanteperu.com\/wp-content\/uploads\/2018\/03\/sport-huancayo-union-espa\u00f1ola1-300x200.jpg 300w, https:\/\/elinformanteperu.com\/wp-content\/uploads\/2018\/03\/sport-huancayo-union-espa\u00f1ola1-768x511.jpg 768w, https:\/\/elinformanteperu.com\/wp-content\/uploads\/2018\/03\/sport-huancayo-union-espa\u00f1ola1-1024x682.jpg 1024w, https:\/\/elinformanteperu.com\/wp-content\/uploads\/2018\/03\/sport-huancayo-union-espa\u00f1ola1-128x85.jpg 128w, https:\/\/elinformanteperu.com\/wp-content\/uploads\/2018\/03\/sport-huancayo-union-espa\u00f1ola1-32x21.jpg 32w\" sizes=\"(max-width: 1800px) 100vw, 1800px\" \/><\/p>\n","protected":false},"excerpt":{"rendered":"<p>La Asociaci\u00f3n Deportiva del F\u00fatbol Profesional (ADFP) decidi\u00f3 no suspender el Torneo Apertura y program\u00f3 la jornada 11 que se disputar\u00e1 desde ma\u00f1ana. Lima, 03 de Agosto 2018, (ANDINA).- La Asociaci\u00f3n Deportiva del F\u00fatbol Profesional (ADFP) decidi\u00f3 no suspender el Torneo Apertura y program\u00f3 la jornada 11 que se disputar\u00e1 desde ma\u00f1ana y tendr\u00e1 como [&hellip;]<\/p>\n","protected":false},"author":1,"featured_media":23519,"comment_status":"open","ping_status":"open","sticky":false,"template":"","format":"standard","meta":{"rop_custom_images_group":[],"rop_custom_messages_group":[],"rop_publish_now":"initial","rop_publish_now_accounts":[],"rop_publish_now_history":[],"rop_publish_now_status":"pending","footnotes":""},"categories":[8],"tags":[2692,3073],"class_list":["post-31372","post","type-post","status-publish","format-standard","has-post-thumbnail","hentry","category-disciplinas-deportivas","tag-apertura-2018","tag-torneo-apertura-2018"],"_links":{"self":[{"href":"https:\/\/elinformanteperu.com\/index.php\/wp-json\/wp\/v2\/posts\/31372","targetHints":{"allow":["GET"]}}],"collection":[{"href":"https:\/\/elinformanteperu.com\/index.php\/wp-json\/wp\/v2\/posts"}],"about":[{"href":"https:\/\/elinformanteperu.com\/index.php\/wp-json\/wp\/v2\/types\/post"}],"author":[{"embeddable":true,"href":"https:\/\/elinformanteperu.com\/index.php\/wp-json\/wp\/v2\/users\/1"}],"replies":[{"embeddable":true,"href":"https:\/\/elinformanteperu.com\/index.php\/wp-json\/wp\/v2\/comments?post=31372"}],"version-history":[{"count":1,"href":"https:\/\/elinformanteperu.com\/index.php\/wp-json\/wp\/v2\/posts\/31372\/revisions"}],"predecessor-version":[{"id":31374,"href":"https:\/\/elinformanteperu.com\/index.php\/wp-json\/wp\/v2\/posts\/31372\/revisions\/31374"}],"wp:featuredmedia":[{"embeddable":true,"href":"https:\/\/elinformanteperu.com\/index.php\/wp-json\/wp\/v2\/media\/23519"}],"wp:attachment":[{"href":"https:\/\/elinformanteperu.com\/index.php\/wp-json\/wp\/v2\/media?parent=31372"}],"wp:term":[{"taxonomy":"category","embeddable":true,"href":"https:\/\/elinformanteperu.com\/index.php\/wp-json\/wp\/v2\/categories?post=31372"},{"taxonomy":"post_tag","embeddable":true,"href":"https:\/\/elinformanteperu.com\/index.php\/wp-json\/wp\/v2\/tags?post=31372"}],"curies":[{"name":"wp","href":"https:\/\/api.w.org\/{rel}","templated":true}]}}