{"id":31367,"date":"2018-08-03T07:04:24","date_gmt":"2018-08-03T12:04:24","guid":{"rendered":"http:\/\/elinformanteperu.com\/?p=31367"},"modified":"2018-08-03T07:04:24","modified_gmt":"2018-08-03T12:04:24","slug":"edwin-oviedo-quien-reemplazaria-al-dirigente-en-la-presidencia-de-la-fpf","status":"publish","type":"post","link":"https:\/\/elinformanteperu.com\/index.php\/2018\/08\/03\/edwin-oviedo-quien-reemplazaria-al-dirigente-en-la-presidencia-de-la-fpf\/","title":{"rendered":"Edwin Oviedo: \u00bfqui\u00e9n reemplazar\u00eda al dirigente en la presidencia de la FPF?"},"content":{"rendered":"<p><strong><span style=\"color: #000000;\">Todos los estamentos futbol\u00edsticos reclaman la salida de Edwin Oviedo de la presidencia de la Federaci\u00f3n Peruana de F\u00fatbol (FPF).<\/span><\/strong><\/p>\n<p><span style=\"color: #000000;\"><strong>Lima, 02 de Agosto 2018, (ANDINA).-<\/strong> Todos los estamentos futbol\u00edsticos reclaman la salida de Edwin Oviedo de la presidencia de la Federaci\u00f3n Peruana de F\u00fatbol (FPF) para que aclare algunas imputaciones en su contra y ante esa situaci\u00f3n la pregunta es qui\u00e9n lo suceder\u00e1 en el cargo en este momento, cuando se negocia la renovaci\u00f3n de Ricardo Gareca.<\/span><\/p>\n<p><span style=\"color: #000000;\">El nombre de Agust\u00edn Lozano salta a la palestra, por su condici\u00f3n de vicepresidente de la FPF. El dirigente dice no tener impedimento alguno para reemplazar a Oviedo.<\/span><\/p>\n<p><span style=\"color: #000000;\">Pero, \u00bfqui\u00e9n es esta personalidad del f\u00fatbol peruano que desea calmar las agitadas aguas del balompi\u00e9?.<\/span><\/p>\n<p><span style=\"color: #000000;\">Lozano, de 47 a\u00f1os e ingeniero de profesi\u00f3n, tiene presencia en el \u00e1mbito deportivo como pol\u00edtico al ser presidente de la Liga Departamental de Lambayeque y alcalde de distrito de Chongoyape.<\/span><\/p>\n<p><span style=\"color: #000000;\">Su cargo de burgomaestre lo tiene desde el 2010, cuando fue elegido por primera vez, y en el 2014 fue reelegido para el per\u00edodo 2014-2018.<\/span><\/p>\n<p><span style=\"color: #000000;\">\u00abSi Oviedo da un paso al costado o pide licencia yo asumir\u00eda la FPF. No he pedido licencia\u00bb, indic\u00f3 Agust\u00edn Lozano a \u00abExitosa\u00bb. Con estas afirmaciones se descarta que el segundo vicepresidente, Franklin Chuquizuta, sea quien asuma el puesto de m\u00e1ximo dirigente del f\u00fatbol peruano.<\/span><\/p>\n<p><span style=\"color: #000000;\">Su andar deportivo data de mucho antes que el pol\u00edtico. En el 2007 asumi\u00f3 la presidencia de la Liga Departamental de Lambayeque y form\u00f3 parte del directorio de la FPF en el periodo 2007-2010, liderada por Manuel Burga.<\/span><\/p>\n<p><span style=\"color: #000000;\">En el 2014 postul\u00f3 a la presidencia de la Federaci\u00f3n Peruana de F\u00fatbol, pero el Comit\u00e9 Electoral de la FPF lo inhabilit\u00f3 para ser cabeza de lista.<\/span><\/p>\n<p><span style=\"color: #000000;\">Ante esta tacha, Lozano compuso la lista de Edwin Oviedo, quien fue elegido para ser presidente de la FPF tras ganar las elecciones a Federico C\u00faneo con 21 sobre 14 votos.<\/span><\/p>\n<p><span style=\"color: #000000;\">Sobre las imputaciones a Oviedo, Agust\u00edn Lozano a\u00fan no ha salido a manifestar su posici\u00f3n frente a las graves acusaciones que pesan sobre el titular de la FPF. Se\u00f1ala que el s\u00e1bado dar\u00e1 su opini\u00f3n ante el directorio en pleno.<\/span><\/p>\n<p><img fetchpriority=\"high\" decoding=\"async\" class=\"aligncenter size-full wp-image-31370\" src=\"http:\/\/elinformanteperu.com\/wp-content\/uploads\/2018\/08\/oviedo-lozano1.jpg\" alt=\"\" width=\"500\" height=\"357\" srcset=\"https:\/\/elinformanteperu.com\/wp-content\/uploads\/2018\/08\/oviedo-lozano1.jpg 500w, https:\/\/elinformanteperu.com\/wp-content\/uploads\/2018\/08\/oviedo-lozano1-300x214.jpg 300w, https:\/\/elinformanteperu.com\/wp-content\/uploads\/2018\/08\/oviedo-lozano1-128x91.jpg 128w, https:\/\/elinformanteperu.com\/wp-content\/uploads\/2018\/08\/oviedo-lozano1-32x23.jpg 32w\" sizes=\"(max-width: 500px) 100vw, 500px\" \/><\/p>\n","protected":false},"excerpt":{"rendered":"<p>Todos los estamentos futbol\u00edsticos reclaman la salida de Edwin Oviedo de la presidencia de la Federaci\u00f3n Peruana de F\u00fatbol (FPF). Lima, 02 de Agosto 2018, (ANDINA).- Todos los estamentos futbol\u00edsticos reclaman la salida de Edwin Oviedo de la presidencia de la Federaci\u00f3n Peruana de F\u00fatbol (FPF) para que aclare algunas imputaciones en su contra y [&hellip;]<\/p>\n","protected":false},"author":1,"featured_media":31369,"comment_status":"open","ping_status":"open","sticky":false,"template":"","format":"standard","meta":{"rop_custom_images_group":[],"rop_custom_messages_group":[],"rop_publish_now":"initial","rop_publish_now_accounts":[],"rop_publish_now_history":[],"rop_publish_now_status":"pending","footnotes":""},"categories":[8],"tags":[694,204,92],"class_list":["post-31367","post","type-post","status-publish","format-standard","has-post-thumbnail","hentry","category-disciplinas-deportivas","tag-edwin-oviedo","tag-federacion-peruana-de-futbol","tag-ricardo-gareca"],"_links":{"self":[{"href":"https:\/\/elinformanteperu.com\/index.php\/wp-json\/wp\/v2\/posts\/31367","targetHints":{"allow":["GET"]}}],"collection":[{"href":"https:\/\/elinformanteperu.com\/index.php\/wp-json\/wp\/v2\/posts"}],"about":[{"href":"https:\/\/elinformanteperu.com\/index.php\/wp-json\/wp\/v2\/types\/post"}],"author":[{"embeddable":true,"href":"https:\/\/elinformanteperu.com\/index.php\/wp-json\/wp\/v2\/users\/1"}],"replies":[{"embeddable":true,"href":"https:\/\/elinformanteperu.com\/index.php\/wp-json\/wp\/v2\/comments?post=31367"}],"version-history":[{"count":1,"href":"https:\/\/elinformanteperu.com\/index.php\/wp-json\/wp\/v2\/posts\/31367\/revisions"}],"predecessor-version":[{"id":31371,"href":"https:\/\/elinformanteperu.com\/index.php\/wp-json\/wp\/v2\/posts\/31367\/revisions\/31371"}],"wp:featuredmedia":[{"embeddable":true,"href":"https:\/\/elinformanteperu.com\/index.php\/wp-json\/wp\/v2\/media\/31369"}],"wp:attachment":[{"href":"https:\/\/elinformanteperu.com\/index.php\/wp-json\/wp\/v2\/media?parent=31367"}],"wp:term":[{"taxonomy":"category","embeddable":true,"href":"https:\/\/elinformanteperu.com\/index.php\/wp-json\/wp\/v2\/categories?post=31367"},{"taxonomy":"post_tag","embeddable":true,"href":"https:\/\/elinformanteperu.com\/index.php\/wp-json\/wp\/v2\/tags?post=31367"}],"curies":[{"name":"wp","href":"https:\/\/api.w.org\/{rel}","templated":true}]}}