{"id":31364,"date":"2018-08-03T07:00:55","date_gmt":"2018-08-03T12:00:55","guid":{"rendered":"http:\/\/elinformanteperu.com\/?p=31364"},"modified":"2018-08-03T07:00:55","modified_gmt":"2018-08-03T12:00:55","slug":"ricardo-gareca-reuniones-estan-avanzadas-y-hoy-se-define-su-renovacion","status":"publish","type":"post","link":"https:\/\/elinformanteperu.com\/index.php\/2018\/08\/03\/ricardo-gareca-reuniones-estan-avanzadas-y-hoy-se-define-su-renovacion\/","title":{"rendered":"Ricardo Gareca: Reuniones est\u00e1n avanzadas y hoy se define su renovaci\u00f3n"},"content":{"rendered":"<p><strong><span style=\"color: #000000;\">Tras las primeras reuniones entre Ricardo Gareca y el director deportivo, Juan Carlos Oblitas parece que los acuerdos para la renovaci\u00f3n comienzan a cerrarse.\u00a0<\/span><\/strong><\/p>\n<p><span style=\"color: #000000;\"><strong>Lima, 02 de Agosto 2018, (ANDINA).-<\/strong> Tras las primeras reuniones entre el t\u00e9cnico Ricardo Gareca y el director deportivo de la Federaci\u00f3n Peruana de F\u00fatbol (FPF), Juan Carlos Oblitas parece que los acuerdos para la renovaci\u00f3n comienzan a cerrarse. Hoy es un d\u00eda clave y podr\u00eda anunciarse el futuro del entrenador argentino.<\/span><\/p>\n<p><span style=\"color: #000000;\">Oblitas y Gareca tuvieron una larga charla en las instalaciones de un hotel de San Isidro, llegaron a un acuerdo en temas del proceso deportivo y coincidieron en dem\u00e1s puntos.<\/span><\/p>\n<p><span style=\"color: #000000;\">No obstante, en horas de la noche de ayer se hubo un encuentro entre Gareca, su abogado Mario Cupelli con Edwin Oviedo y Juan Matute, secretario de la FPF.<\/span><\/p>\n<p><span style=\"color: #000000;\">Es en esta \u00faltima reuni\u00f3n se pudo complicar la renovaci\u00f3n debido a que la Federaci\u00f3n est\u00e1 sumida en una crisis interna porque su presidente, Edwin Oviedo, qued\u00f3 involucrado en el esc\u00e1ndalo de los audios de jueces que remece a a la sociedad peruana desde hace casi un mes.<\/span><\/p>\n<p><span style=\"color: #000000;\">Las pr\u00f3ximas horas ser\u00e1n vitales para definir la continuidad del entrenador de la &#8216;Bicolor&#8217; en el Mundial Rusia 2018. En San Luis buscan extender su contrato enfocados en la Copa Am\u00e9rica 2019 y las eliminatorias al Mundial de Catar 2022.<\/span><\/p>\n<p><span style=\"color: #000000;\">Oblitas se\u00f1al\u00f3 que este viernes (hoy) reci\u00e9n habr\u00eda una respuesta de Gareca sobre si acepta seguir al frente de Per\u00fa luego de clasificarlo a Rusia-2018 tras una ausencia de 36 a\u00f1os.<\/span><\/p>\n<p><span style=\"color: #000000;\">Indic\u00f3 que Gareca, cuyo contrato anterior culmin\u00f3 con el Mundial de Rusia, puso como condici\u00f3n blindar a la selecci\u00f3n respecto a todo lo que rodea al esc\u00e1ndalo que remece a la FPF.<\/span><\/p>\n<p><img fetchpriority=\"high\" decoding=\"async\" class=\"aligncenter size-full wp-image-24261\" src=\"http:\/\/elinformanteperu.com\/wp-content\/uploads\/2018\/03\/gareca-miami-1.jpg\" alt=\"\" width=\"500\" height=\"334\" srcset=\"https:\/\/elinformanteperu.com\/wp-content\/uploads\/2018\/03\/gareca-miami-1.jpg 500w, https:\/\/elinformanteperu.com\/wp-content\/uploads\/2018\/03\/gareca-miami-1-300x200.jpg 300w, https:\/\/elinformanteperu.com\/wp-content\/uploads\/2018\/03\/gareca-miami-1-128x86.jpg 128w, https:\/\/elinformanteperu.com\/wp-content\/uploads\/2018\/03\/gareca-miami-1-32x21.jpg 32w\" sizes=\"(max-width: 500px) 100vw, 500px\" \/><\/p>\n","protected":false},"excerpt":{"rendered":"<p>Tras las primeras reuniones entre Ricardo Gareca y el director deportivo, Juan Carlos Oblitas parece que los acuerdos para la renovaci\u00f3n comienzan a cerrarse.\u00a0 Lima, 02 de Agosto 2018, (ANDINA).- Tras las primeras reuniones entre el t\u00e9cnico Ricardo Gareca y el director deportivo de la Federaci\u00f3n Peruana de F\u00fatbol (FPF), Juan Carlos Oblitas parece que [&hellip;]<\/p>\n","protected":false},"author":1,"featured_media":26785,"comment_status":"open","ping_status":"open","sticky":false,"template":"","format":"standard","meta":{"rop_custom_images_group":[],"rop_custom_messages_group":[],"rop_publish_now":"initial","rop_publish_now_accounts":[],"rop_publish_now_history":[],"rop_publish_now_status":"pending","footnotes":""},"categories":[8],"tags":[204,205,593,92],"class_list":["post-31364","post","type-post","status-publish","format-standard","has-post-thumbnail","hentry","category-disciplinas-deportivas","tag-federacion-peruana-de-futbol","tag-fpf","tag-juan-carlos-oblitas","tag-ricardo-gareca"],"_links":{"self":[{"href":"https:\/\/elinformanteperu.com\/index.php\/wp-json\/wp\/v2\/posts\/31364","targetHints":{"allow":["GET"]}}],"collection":[{"href":"https:\/\/elinformanteperu.com\/index.php\/wp-json\/wp\/v2\/posts"}],"about":[{"href":"https:\/\/elinformanteperu.com\/index.php\/wp-json\/wp\/v2\/types\/post"}],"author":[{"embeddable":true,"href":"https:\/\/elinformanteperu.com\/index.php\/wp-json\/wp\/v2\/users\/1"}],"replies":[{"embeddable":true,"href":"https:\/\/elinformanteperu.com\/index.php\/wp-json\/wp\/v2\/comments?post=31364"}],"version-history":[{"count":1,"href":"https:\/\/elinformanteperu.com\/index.php\/wp-json\/wp\/v2\/posts\/31364\/revisions"}],"predecessor-version":[{"id":31366,"href":"https:\/\/elinformanteperu.com\/index.php\/wp-json\/wp\/v2\/posts\/31364\/revisions\/31366"}],"wp:featuredmedia":[{"embeddable":true,"href":"https:\/\/elinformanteperu.com\/index.php\/wp-json\/wp\/v2\/media\/26785"}],"wp:attachment":[{"href":"https:\/\/elinformanteperu.com\/index.php\/wp-json\/wp\/v2\/media?parent=31364"}],"wp:term":[{"taxonomy":"category","embeddable":true,"href":"https:\/\/elinformanteperu.com\/index.php\/wp-json\/wp\/v2\/categories?post=31364"},{"taxonomy":"post_tag","embeddable":true,"href":"https:\/\/elinformanteperu.com\/index.php\/wp-json\/wp\/v2\/tags?post=31364"}],"curies":[{"name":"wp","href":"https:\/\/api.w.org\/{rel}","templated":true}]}}