{"id":31073,"date":"2018-07-24T00:18:59","date_gmt":"2018-07-24T05:18:59","guid":{"rendered":"http:\/\/elinformanteperu.com\/?p=31073"},"modified":"2018-07-24T00:18:59","modified_gmt":"2018-07-24T05:18:59","slug":"villanueva-tenemos-que-celebrar-el-28-de-julio-porque-tenemos-un-pais-viable","status":"publish","type":"post","link":"https:\/\/elinformanteperu.com\/index.php\/2018\/07\/24\/villanueva-tenemos-que-celebrar-el-28-de-julio-porque-tenemos-un-pais-viable\/","title":{"rendered":"Villanueva: tenemos que celebrar el 28 de julio porque tenemos un pa\u00eds viable"},"content":{"rendered":"<p><strong><span style=\"color: #000000;\">El titular de la Presidencia del Consejo de Ministros, C\u00e9sar Villanueva, anunci\u00f3 que todos actos programados por las Fiestas Patrias se desarrollar\u00e1n con normalidad.<\/span><\/strong><\/p>\n<p><span style=\"color: #000000;\"><strong>Lima, 23 de Julio 2018, (ANDINA).-<\/strong> El titular de la Presidencia del Consejo de Ministros (PCM), C\u00e9sar Villanueva, anunci\u00f3 que todos actos programados por la celebraci\u00f3n de Fiestas Patrias se desarrollar\u00e1n con normalidad, porque es necesario celebrar que vivimos en un pa\u00eds viable.<\/span><\/p>\n<p><span style=\"color: #000000;\">Por ello, pidi\u00f3 no tomar en cuenta a algunos pronunciamientos falsos difundidos en las redes sociales en los cuales el presidente del Comando Conjunto de las Fuerzas Armadas, el comandante general de la Marina, e incluso el propio presidente Mart\u00edn Vizcarra, anuncia una supuesta cancelaci\u00f3n de los actos en conmemoraci\u00f3n a la Independencia del Per\u00fa.<\/span><\/p>\n<p><span style=\"color: #000000;\">\u201cEl 28 de julio el presidente de la Rep\u00fablica, Mart\u00edn Vizcarra, dar\u00e1 su mensaje al pa\u00eds y los desfiles se har\u00e1n con normalidad. Como siempre, todo sigue en marcha, tenemos que celebrar que vivimos en un pa\u00eds viable\u201d, asegur\u00f3 en ATV.<\/span><\/p>\n<p><span style=\"color: #000000;\">Sostuvo que los citados mensajes falsos se habla incluso de un golpe de Estado.<\/span><\/p>\n<p><span style=\"color: #000000;\">\u201cLas Fuerzas Armadas est\u00e1n absolutamente tranquilas en su funci\u00f3n y, mas bien, apoyando al Ejecutivo muy fuertemente en esta guerra contra el friaje, las heladas y nevadas que superaron los c\u00e1lculos en tiempo e intensidad\u201d, afirm\u00f3.<\/span><\/p>\n<p><span style=\"color: #000000;\">C\u00e9sar Villanueva subray\u00f3 que la difusi\u00f3n de los audios por diversos medios de comunicaci\u00f3n, en los cuales se muestran presuntos actos de corrupci\u00f3n y tr\u00e1fico de influencias, \u201cafectan al pa\u00eds moralmente\u201d.<\/span><\/p>\n<p><span style=\"color: #000000;\">\u201cHan impactado a la sociedad y permite ver la crisis moral que hay, lo cual nos permite decir que no hay otra salida que una reforma integral del sistema de justicia\u201d, a\u00f1adi\u00f3.<\/span><\/p>\n","protected":false},"excerpt":{"rendered":"<p>El titular de la Presidencia del Consejo de Ministros, C\u00e9sar Villanueva, anunci\u00f3 que todos actos programados por las Fiestas Patrias se desarrollar\u00e1n con normalidad. Lima, 23 de Julio 2018, (ANDINA).- El titular de la Presidencia del Consejo de Ministros (PCM), C\u00e9sar Villanueva, anunci\u00f3 que todos actos programados por la celebraci\u00f3n de Fiestas Patrias se desarrollar\u00e1n [&hellip;]<\/p>\n","protected":false},"author":1,"featured_media":25379,"comment_status":"open","ping_status":"open","sticky":false,"template":"","format":"standard","meta":{"rop_custom_images_group":[],"rop_custom_messages_group":[],"rop_publish_now":"initial","rop_publish_now_accounts":[],"rop_publish_now_history":[],"rop_publish_now_status":"pending","footnotes":""},"categories":[5],"tags":[853,289,189],"class_list":["post-31073","post","type-post","status-publish","format-standard","has-post-thumbnail","hentry","category-actualidad-informativa","tag-cesar-villanueva","tag-martin-vizcarra","tag-pcm"],"_links":{"self":[{"href":"https:\/\/elinformanteperu.com\/index.php\/wp-json\/wp\/v2\/posts\/31073","targetHints":{"allow":["GET"]}}],"collection":[{"href":"https:\/\/elinformanteperu.com\/index.php\/wp-json\/wp\/v2\/posts"}],"about":[{"href":"https:\/\/elinformanteperu.com\/index.php\/wp-json\/wp\/v2\/types\/post"}],"author":[{"embeddable":true,"href":"https:\/\/elinformanteperu.com\/index.php\/wp-json\/wp\/v2\/users\/1"}],"replies":[{"embeddable":true,"href":"https:\/\/elinformanteperu.com\/index.php\/wp-json\/wp\/v2\/comments?post=31073"}],"version-history":[{"count":1,"href":"https:\/\/elinformanteperu.com\/index.php\/wp-json\/wp\/v2\/posts\/31073\/revisions"}],"predecessor-version":[{"id":31075,"href":"https:\/\/elinformanteperu.com\/index.php\/wp-json\/wp\/v2\/posts\/31073\/revisions\/31075"}],"wp:featuredmedia":[{"embeddable":true,"href":"https:\/\/elinformanteperu.com\/index.php\/wp-json\/wp\/v2\/media\/25379"}],"wp:attachment":[{"href":"https:\/\/elinformanteperu.com\/index.php\/wp-json\/wp\/v2\/media?parent=31073"}],"wp:term":[{"taxonomy":"category","embeddable":true,"href":"https:\/\/elinformanteperu.com\/index.php\/wp-json\/wp\/v2\/categories?post=31073"},{"taxonomy":"post_tag","embeddable":true,"href":"https:\/\/elinformanteperu.com\/index.php\/wp-json\/wp\/v2\/tags?post=31073"}],"curies":[{"name":"wp","href":"https:\/\/api.w.org\/{rel}","templated":true}]}}