{"id":31070,"date":"2018-07-24T00:15:22","date_gmt":"2018-07-24T05:15:22","guid":{"rendered":"http:\/\/elinformanteperu.com\/?p=31070"},"modified":"2018-07-24T00:15:22","modified_gmt":"2018-07-24T05:15:22","slug":"zeballos-anuncia-comision-que-investigara-posibles-hechos-de-corrupcion-en-minjus","status":"publish","type":"post","link":"https:\/\/elinformanteperu.com\/index.php\/2018\/07\/24\/zeballos-anuncia-comision-que-investigara-posibles-hechos-de-corrupcion-en-minjus\/","title":{"rendered":"Zeballos anuncia comisi\u00f3n que investigar\u00e1 posibles hechos de corrupci\u00f3n en Minjus"},"content":{"rendered":"<p><strong><span style=\"color: #000000;\">El ministro de Justicia, Vicente Zeballos, anunci\u00f3 que formar\u00e1n una comisi\u00f3n con la finalidad de investigar posibles actos de corrupci\u00f3n.<\/span><\/strong><\/p>\n<p><span style=\"color: #000000;\"><strong>Lima, 23 de Julio 2018, (ANDINA).-<\/strong> El ministro de Justicia y Derechos Humanos (Minjus), Vicente Zeballos, anunci\u00f3 que formar\u00e1n una comisi\u00f3n de procedimientos administrativos con la finalidad de investigar las acciones realizadas por algunos servidores de este sector y posibles actos de corrupci\u00f3n.<\/span><\/p>\n<p><span style=\"color: #000000;\">Fue al comentar el cese del exsecretario general del ministerio, Manuel Francisco Soto Gamboa, de quien se conoci\u00f3, a trav\u00e9s de un audio, que ayud\u00f3 a la esposa del expresidente de la Corte de Justicia del Callao, Walter R\u00edos.<\/span><\/p>\n<p><span style=\"color: #000000;\">\u201cEstamos determinando a partir del d\u00eda de hoy la constituci\u00f3n de una comisi\u00f3n de procedimientos administrativos para profundizar las investigaciones y deslindar, pues pudiera ser que dentro del ministerio hubiera alg\u00fan tipo de estructura con pretensiones no tan claras\u201d, dijo a RPP.<\/span><\/p>\n<p><span style=\"color: #000000;\">En ese sentido, el ministro se\u00f1al\u00f3 que con estas medidas busca cortar \u201cde ra\u00edz\u201d cualquier tipo de problemas en el Ministerio de Justicia y Derechos Humanos.<\/span><\/p>\n<p><span style=\"color: #000000;\">Asimismo, dijo que le llam\u00f3 la atenci\u00f3n que, a pesar de conocerse los audios donde es mencionado Manuel Francisco Soto Gamboa, no se haya tomado ninguna acci\u00f3n o medida en contra de \u00e9l.<\/span><\/p>\n<p><span style=\"color: #000000;\">\u201cPodr\u00eda (haber un aparato de corrupci\u00f3n al interior del Ministerio), pero debe corroborarse y salir desde el trabajo de esta comisi\u00f3n que instalamos desde hoy\u201d, a\u00f1adi\u00f3.<\/span><\/p>\n<p><span style=\"color: #000000;\">Sobre el cese de los dos viceministros del Minjus, sostuvo que como nuevo titular de esta cartera tiene todo el derecho para efectuar una renovaci\u00f3n.<\/span><\/p>\n<p><span style=\"color: #000000;\">\u201cEn los pr\u00f3ximos d\u00edas se deber\u00e1 emitir la resoluci\u00f3n suprema respectiva designando a sus reemplazantes\u201d, asegur\u00f3.<\/span><\/p>\n","protected":false},"excerpt":{"rendered":"<p>El ministro de Justicia, Vicente Zeballos, anunci\u00f3 que formar\u00e1n una comisi\u00f3n con la finalidad de investigar posibles actos de corrupci\u00f3n. Lima, 23 de Julio 2018, (ANDINA).- El ministro de Justicia y Derechos Humanos (Minjus), Vicente Zeballos, anunci\u00f3 que formar\u00e1n una comisi\u00f3n de procedimientos administrativos con la finalidad de investigar las acciones realizadas por algunos servidores [&hellip;]<\/p>\n","protected":false},"author":1,"featured_media":19557,"comment_status":"open","ping_status":"open","sticky":false,"template":"","format":"standard","meta":{"rop_custom_images_group":[],"rop_custom_messages_group":[],"rop_publish_now":"initial","rop_publish_now_accounts":[],"rop_publish_now_history":[],"rop_publish_now_status":"pending","footnotes":""},"categories":[5],"tags":[166,477],"class_list":["post-31070","post","type-post","status-publish","format-standard","has-post-thumbnail","hentry","category-actualidad-informativa","tag-ministerio-de-justicia","tag-vicente-zeballos"],"_links":{"self":[{"href":"https:\/\/elinformanteperu.com\/index.php\/wp-json\/wp\/v2\/posts\/31070","targetHints":{"allow":["GET"]}}],"collection":[{"href":"https:\/\/elinformanteperu.com\/index.php\/wp-json\/wp\/v2\/posts"}],"about":[{"href":"https:\/\/elinformanteperu.com\/index.php\/wp-json\/wp\/v2\/types\/post"}],"author":[{"embeddable":true,"href":"https:\/\/elinformanteperu.com\/index.php\/wp-json\/wp\/v2\/users\/1"}],"replies":[{"embeddable":true,"href":"https:\/\/elinformanteperu.com\/index.php\/wp-json\/wp\/v2\/comments?post=31070"}],"version-history":[{"count":1,"href":"https:\/\/elinformanteperu.com\/index.php\/wp-json\/wp\/v2\/posts\/31070\/revisions"}],"predecessor-version":[{"id":31072,"href":"https:\/\/elinformanteperu.com\/index.php\/wp-json\/wp\/v2\/posts\/31070\/revisions\/31072"}],"wp:featuredmedia":[{"embeddable":true,"href":"https:\/\/elinformanteperu.com\/index.php\/wp-json\/wp\/v2\/media\/19557"}],"wp:attachment":[{"href":"https:\/\/elinformanteperu.com\/index.php\/wp-json\/wp\/v2\/media?parent=31070"}],"wp:term":[{"taxonomy":"category","embeddable":true,"href":"https:\/\/elinformanteperu.com\/index.php\/wp-json\/wp\/v2\/categories?post=31070"},{"taxonomy":"post_tag","embeddable":true,"href":"https:\/\/elinformanteperu.com\/index.php\/wp-json\/wp\/v2\/tags?post=31070"}],"curies":[{"name":"wp","href":"https:\/\/api.w.org\/{rel}","templated":true}]}}