{"id":31036,"date":"2018-07-22T14:13:40","date_gmt":"2018-07-22T19:13:40","guid":{"rendered":"http:\/\/elinformanteperu.com\/?p=31036"},"modified":"2018-07-22T14:13:40","modified_gmt":"2018-07-22T19:13:40","slug":"encargan-despacho-de-la-presidencia-de-la-republica-a-mercedes-araoz","status":"publish","type":"post","link":"https:\/\/elinformanteperu.com\/index.php\/2018\/07\/22\/encargan-despacho-de-la-presidencia-de-la-republica-a-mercedes-araoz\/","title":{"rendered":"Encargan despacho de la Presidencia de la Rep\u00fablica a Mercedes Ar\u00e1oz"},"content":{"rendered":"<p><strong><span style=\"color: #000000;\">La segunda vicepresidenta, Mercedes Ar\u00e1oz, quedar\u00e1 a cargo del Despacho de la Presidencia de la Rep\u00fablica durante el viaje del jefe de Estado Mart\u00edn Vizcarra a M\u00e9xico.<\/span><\/strong><\/p>\n<p><span style=\"color: #000000;\"><strong>Lima, 22 de Julio 2018, (ANDINA).-<\/strong> La segunda vicepresidenta, Mercedes Ar\u00e1oz, quedar\u00e1 a cargo del Despacho de la Presidencia de la Rep\u00fablica durante el viaje del jefe de Estado Mart\u00edn Vizcarra a M\u00e9xico para participar en la XIII Cumbre de la Alianza del Pac\u00edfico.<\/span><\/p>\n<p><span style=\"color: #000000;\">Seg\u00fan la Resoluci\u00f3n Suprema N\u00ba 147-2018-PCM, publicada hoy en el bolet\u00edn de Normas Legales del Diario Oficial El Peruano, Ar\u00e1oz estar\u00e1 a cargo del despacho presidencial desde el 23 al 25 de julio.<\/span><\/p>\n<p><span style=\"color: #000000;\">En esa fecha, el mandatario viajar\u00e1 a la ciudad mexicana de Puerto Vallarta, Jalisco.<\/span><\/p>\n<p><span style=\"color: #000000;\">Dicha resoluci\u00f3n es refrendada por el presidente del Consejo de Ministros, C\u00e9sar Villanueva Ar\u00e9valo.<\/span><\/p>\n<p><span style=\"color: #000000;\">La Alianza del Pac\u00edfico naci\u00f3 como una iniciativa econ\u00f3mica y de desarrollo entre cuatro naciones de Am\u00e9rica Latina: Chile, Colombia, M\u00e9xico y Per\u00fa.<\/span><\/p>\n<p><span style=\"color: #000000;\">Desde ese momento hasta la fecha, la Alianza se ha convertido en el eje de una nueva forma de hacer negocios en el continente.<\/span><\/p>\n","protected":false},"excerpt":{"rendered":"<p>La segunda vicepresidenta, Mercedes Ar\u00e1oz, quedar\u00e1 a cargo del Despacho de la Presidencia de la Rep\u00fablica durante el viaje del jefe de Estado Mart\u00edn Vizcarra a M\u00e9xico. Lima, 22 de Julio 2018, (ANDINA).- La segunda vicepresidenta, Mercedes Ar\u00e1oz, quedar\u00e1 a cargo del Despacho de la Presidencia de la Rep\u00fablica durante el viaje del jefe de [&hellip;]<\/p>\n","protected":false},"author":1,"featured_media":1812,"comment_status":"open","ping_status":"open","sticky":false,"template":"","format":"standard","meta":{"rop_custom_images_group":[],"rop_custom_messages_group":[],"rop_publish_now":"initial","rop_publish_now_accounts":[],"rop_publish_now_history":[],"rop_publish_now_status":"pending","footnotes":""},"categories":[5],"tags":[289,79,1421,2317],"class_list":["post-31036","post","type-post","status-publish","format-standard","has-post-thumbnail","hentry","category-actualidad-informativa","tag-martin-vizcarra","tag-mercedes-araoz","tag-poder-ejecutivo","tag-presidencia-del-consejo-de-ministros"],"_links":{"self":[{"href":"https:\/\/elinformanteperu.com\/index.php\/wp-json\/wp\/v2\/posts\/31036","targetHints":{"allow":["GET"]}}],"collection":[{"href":"https:\/\/elinformanteperu.com\/index.php\/wp-json\/wp\/v2\/posts"}],"about":[{"href":"https:\/\/elinformanteperu.com\/index.php\/wp-json\/wp\/v2\/types\/post"}],"author":[{"embeddable":true,"href":"https:\/\/elinformanteperu.com\/index.php\/wp-json\/wp\/v2\/users\/1"}],"replies":[{"embeddable":true,"href":"https:\/\/elinformanteperu.com\/index.php\/wp-json\/wp\/v2\/comments?post=31036"}],"version-history":[{"count":1,"href":"https:\/\/elinformanteperu.com\/index.php\/wp-json\/wp\/v2\/posts\/31036\/revisions"}],"predecessor-version":[{"id":31038,"href":"https:\/\/elinformanteperu.com\/index.php\/wp-json\/wp\/v2\/posts\/31036\/revisions\/31038"}],"wp:featuredmedia":[{"embeddable":true,"href":"https:\/\/elinformanteperu.com\/index.php\/wp-json\/wp\/v2\/media\/1812"}],"wp:attachment":[{"href":"https:\/\/elinformanteperu.com\/index.php\/wp-json\/wp\/v2\/media?parent=31036"}],"wp:term":[{"taxonomy":"category","embeddable":true,"href":"https:\/\/elinformanteperu.com\/index.php\/wp-json\/wp\/v2\/categories?post=31036"},{"taxonomy":"post_tag","embeddable":true,"href":"https:\/\/elinformanteperu.com\/index.php\/wp-json\/wp\/v2\/tags?post=31036"}],"curies":[{"name":"wp","href":"https:\/\/api.w.org\/{rel}","templated":true}]}}