{"id":31033,"date":"2018-07-22T14:10:46","date_gmt":"2018-07-22T19:10:46","guid":{"rendered":"http:\/\/elinformanteperu.com\/?p=31033"},"modified":"2018-07-22T14:10:46","modified_gmt":"2018-07-22T19:10:46","slug":"violeta-reforma-de-justicia-sera-un-eje-principal-en-mensaje-de-28-de-julio","status":"publish","type":"post","link":"https:\/\/elinformanteperu.com\/index.php\/2018\/07\/22\/violeta-reforma-de-justicia-sera-un-eje-principal-en-mensaje-de-28-de-julio\/","title":{"rendered":"Violeta: Reforma de justicia ser\u00e1 un eje principal en mensaje de 28 de julio"},"content":{"rendered":"<p><strong><span style=\"color: #000000;\">La reforma del sistema de administraci\u00f3n de justicia en el Per\u00fa ser\u00e1 un eje principal en el Mensaje a la Naci\u00f3n, estim\u00f3 el vocero de Peruanos por el Kambio (PPK), Gilbert Violeta.<\/span><\/strong><\/p>\n<p><span style=\"color: #000000;\"><strong>Lima, 22 de Julio 2018, (ANDINA).-<\/strong> La reforma del sistema de administraci\u00f3n de justicia en el Per\u00fa ser\u00e1 un eje principal en el Mensaje a la Naci\u00f3n, que el presidente de la Rep\u00fablica, Mart\u00edn Vizcarra, pronunciar\u00e1 este 28 de julio, estim\u00f3 el vocero de Peruanos por el Kambio (PPK), Gilbert Violeta.<\/span><\/p>\n<p><span style=\"color: #000000;\">Sostuvo que, en ese aspecto, ser\u00e1 un mensaje positivo y esperanzador, considerando la voluntad pol\u00edtica y el liderazgo que ha mostrado el jefe del Estado para impulsar dicha reforma, luego de los audios que generaron una crisis en el sistema de justicia.<\/span><\/p>\n<p><span style=\"color: #000000;\">\u201cEl presidente Vizcarra ha puesto el tema de la corrupci\u00f3n como uno de los temas principales de la agenda nacional. Y en los \u00faltimos d\u00edas, en cuanto a la reforma del sistema de justicia, el presidente ha tenido un liderazgo personal y determinado\u201d, subray\u00f3 el legislador.<\/span><\/p>\n<p><span style=\"color: #000000;\">Para Violeta, dicha reforma estuvo pendiente desde hace d\u00e9cadas, pero hoy ha sido abordada de manera seria, luego de los primeros audios que revelaron presuntas negociaciones indebidas entre jueces y miembros del Consejo Nacional de la Magistratura (CNM).<\/span><\/p>\n<p><span style=\"color: #000000;\">\u201cAhora, a ra\u00edz de lo ocurrido con el CNM, el presidente Vizcarra ha expresado su determinaci\u00f3n pol\u00edtica para sacar adelante una reforma que permita atender a la justicia, en general, en el Per\u00fa\u201d, coment\u00f3 el portavoz oficialista, en di\u00e1logo con la Agencia Andina.<\/span><\/p>\n<p><span style=\"color: #000000;\">Seg\u00fan a\u00f1adi\u00f3, la reforma del sistema de justicia ser\u00e1 el tema m\u00e1s relevante en la agenda pol\u00edtica del pa\u00eds durante los siguientes meses, y -en su opini\u00f3n- lo dispuesto por el Gobierno debe ser apoyado por el Congreso de la Rep\u00fablica.<\/span><\/p>\n<p><span style=\"color: #000000;\">Gilbert Violeta aprovech\u00f3 para resaltar que, en los casi cuatro meses del gobierno de Mart\u00edn Vizcarra, un logro saltante es haberle dado al pa\u00eds la estabilidad pol\u00edtica que necesitaba, tras la crisis que culmin\u00f3 con la renuncia de su antecesor, Pedro Pablo Kuczynski.<\/span><\/p>\n","protected":false},"excerpt":{"rendered":"<p>La reforma del sistema de administraci\u00f3n de justicia en el Per\u00fa ser\u00e1 un eje principal en el Mensaje a la Naci\u00f3n, estim\u00f3 el vocero de Peruanos por el Kambio (PPK), Gilbert Violeta. Lima, 22 de Julio 2018, (ANDINA).- La reforma del sistema de administraci\u00f3n de justicia en el Per\u00fa ser\u00e1 un eje principal en el [&hellip;]<\/p>\n","protected":false},"author":1,"featured_media":23947,"comment_status":"open","ping_status":"open","sticky":false,"template":"","format":"standard","meta":{"rop_custom_images_group":[],"rop_custom_messages_group":[],"rop_publish_now":"initial","rop_publish_now_accounts":[],"rop_publish_now_history":[],"rop_publish_now_status":"pending","footnotes":""},"categories":[5],"tags":[847,165,73],"class_list":["post-31033","post","type-post","status-publish","format-standard","has-post-thumbnail","hentry","category-actualidad-informativa","tag-gilbert-violeta","tag-peruanos-por-el-kambio","tag-ppk"],"_links":{"self":[{"href":"https:\/\/elinformanteperu.com\/index.php\/wp-json\/wp\/v2\/posts\/31033","targetHints":{"allow":["GET"]}}],"collection":[{"href":"https:\/\/elinformanteperu.com\/index.php\/wp-json\/wp\/v2\/posts"}],"about":[{"href":"https:\/\/elinformanteperu.com\/index.php\/wp-json\/wp\/v2\/types\/post"}],"author":[{"embeddable":true,"href":"https:\/\/elinformanteperu.com\/index.php\/wp-json\/wp\/v2\/users\/1"}],"replies":[{"embeddable":true,"href":"https:\/\/elinformanteperu.com\/index.php\/wp-json\/wp\/v2\/comments?post=31033"}],"version-history":[{"count":1,"href":"https:\/\/elinformanteperu.com\/index.php\/wp-json\/wp\/v2\/posts\/31033\/revisions"}],"predecessor-version":[{"id":31035,"href":"https:\/\/elinformanteperu.com\/index.php\/wp-json\/wp\/v2\/posts\/31033\/revisions\/31035"}],"wp:featuredmedia":[{"embeddable":true,"href":"https:\/\/elinformanteperu.com\/index.php\/wp-json\/wp\/v2\/media\/23947"}],"wp:attachment":[{"href":"https:\/\/elinformanteperu.com\/index.php\/wp-json\/wp\/v2\/media?parent=31033"}],"wp:term":[{"taxonomy":"category","embeddable":true,"href":"https:\/\/elinformanteperu.com\/index.php\/wp-json\/wp\/v2\/categories?post=31033"},{"taxonomy":"post_tag","embeddable":true,"href":"https:\/\/elinformanteperu.com\/index.php\/wp-json\/wp\/v2\/tags?post=31033"}],"curies":[{"name":"wp","href":"https:\/\/api.w.org\/{rel}","templated":true}]}}