{"id":31027,"date":"2018-07-22T14:05:52","date_gmt":"2018-07-22T19:05:52","guid":{"rendered":"http:\/\/elinformanteperu.com\/?p=31027"},"modified":"2018-07-22T14:07:25","modified_gmt":"2018-07-22T19:07:25","slug":"ministro-del-interior-se-reunio-con-10-candidatos-a-la-alcaldia-de-lima","status":"publish","type":"post","link":"https:\/\/elinformanteperu.com\/index.php\/2018\/07\/22\/ministro-del-interior-se-reunio-con-10-candidatos-a-la-alcaldia-de-lima\/","title":{"rendered":"Ministro del Interior se reuni\u00f3 con 10 candidatos a la Alcald\u00eda de Lima"},"content":{"rendered":"<p><strong><span style=\"color: #000000;\">El ministro del Interior, Mauro Medina, se reuni\u00f3 con 10 candidatos a la Alcald\u00eda de Lima, con el fin de articular esfuerzos en el combate a la delincuencia.<\/span><\/strong><\/p>\n<p><span style=\"color: #000000;\"><strong>Lima, 22 de Julio 2018, (ANDINA).-<\/strong> El ministro del Interior, Mauro Medina, se reuni\u00f3 con 10 candidatos a la Alcald\u00eda de Lima, con el fin de articular esfuerzos en el combate a la delincuencia, y exponerles las acciones y planes de seguridad ciudadana desarrolladas con la Polic\u00eda Nacional de Per\u00fa (PNP).<\/span><\/p>\n<p><span style=\"color: #000000;\">La seguridad ciudadana es prioridad y demanda el esfuerzo y trabajo articulado de la PNP, los diferentes niveles de gobierno y la participaci\u00f3n de la sociedad, asegur\u00f3 el titular de Interior, en la cita realizada en \u00faltimo viernes en la sede del sector.<\/span><\/p>\n<p><span style=\"color: #000000;\">\u201cPor ello, los candidatos a Lima deben conocer lo que se est\u00e1 haciendo para unificar criterios y proveerlos de insumos para sus planes de seguridad, y que redunden en beneficio de la comunidad\u201d, se\u00f1al\u00f3, acompa\u00f1ado de los viceministros del sector y el comando policial.<\/span><\/p>\n<p><span style=\"color: #000000;\">En el evento, denominado \u201cDi\u00e1logo por la Seguridad Ciudadana con candidatos a la Alcald\u00eda de la Municipalidad Metropolitana de Lima\u201d, Mauro Medina y funcionarios del sector y de la Regi\u00f3n Policial Lima detallaron las estrategias ejecutadas y sus avances.<\/span><\/p>\n<p><span style=\"color: #000000;\">Se expuso, por ejemplo, la estrategia policial Vecindario Seguro, que busca controlar, prevenir y disuadir el efecto de la violencia y el delito, usando el sistema de cuadrantes.<\/span><\/p>\n<p><span style=\"color: #000000;\">Para reforzarlo se hizo entrega de 994 motos a comisar\u00edas de Lima y a 16 regiones del pa\u00eds, y se tiene proyectado dar 248 motos adicionales, 4,060 chalecos antibalas y 4,000 radios.<\/span><\/p>\n<p><span style=\"color: #000000;\">Asimismo, durante la actual gesti\u00f3n y hasta el 15 de julio se ha implementado la Estrategia Multisectorial Barrio Seguro en 21 localidades a escala nacional, de los cuales ocho se encuentran en Lima.<\/span><\/p>\n<p><span style=\"color: #000000;\">El programa est\u00e1 dirigido a mejorar las condiciones de seguridad y lograr la convivencia pac\u00edfica en los territorios vulnerables al crimen.<\/span><\/p>\n<p><span style=\"color: #000000;\">Sobre la b\u00fasqueda de menores desaparecidos, el ministro Mauro Medina inform\u00f3 que pr\u00f3ximamente se lanzar\u00e1 la alerta de emergencia por la desaparici\u00f3n de ni\u00f1os, ni\u00f1as y adolescentes.<\/span><\/p>\n<p><span style=\"color: #000000;\">En la lucha contra la violencia a la mujer, se encuentran funcionando en las comisar\u00edas de Lima 20 Centros de Emergencia Mujer (CEM) y, hasta diciembre de este a\u00f1o, se implementar\u00e1n a escala nacional 50 CEM en diversas delegaciones policiales.<\/span><\/p>\n<p><span style=\"color: #000000;\">Del mismo modo, se trabaja en la interconexi\u00f3n de los sistemas de videovigilancia de las municipalidades con la Polic\u00eda.<\/span><\/p>\n<p><span style=\"color: #000000;\">En este aspecto, recalc\u00f3 la necesidad de una interconexi\u00f3n de todas las municipalidades de Lima Metropolitana, mediante sus c\u00e1maras de videovigilancia que coadyuven a la labor policial.<\/span><\/p>\n","protected":false},"excerpt":{"rendered":"<p>El ministro del Interior, Mauro Medina, se reuni\u00f3 con 10 candidatos a la Alcald\u00eda de Lima, con el fin de articular esfuerzos en el combate a la delincuencia. Lima, 22 de Julio 2018, (ANDINA).- El ministro del Interior, Mauro Medina, se reuni\u00f3 con 10 candidatos a la Alcald\u00eda de Lima, con el fin de articular [&hellip;]<\/p>\n","protected":false},"author":1,"featured_media":31031,"comment_status":"open","ping_status":"open","sticky":false,"template":"","format":"standard","meta":{"rop_custom_images_group":[],"rop_custom_messages_group":[],"rop_publish_now":"initial","rop_publish_now_accounts":[],"rop_publish_now_history":[],"rop_publish_now_status":"pending","footnotes":""},"categories":[5],"tags":[1537,401,280,281],"class_list":["post-31027","post","type-post","status-publish","format-standard","has-post-thumbnail","hentry","category-actualidad-informativa","tag-elecciones-municipales-2018","tag-mininter","tag-ministerio-del-interior","tag-policia-nacional"],"_links":{"self":[{"href":"https:\/\/elinformanteperu.com\/index.php\/wp-json\/wp\/v2\/posts\/31027","targetHints":{"allow":["GET"]}}],"collection":[{"href":"https:\/\/elinformanteperu.com\/index.php\/wp-json\/wp\/v2\/posts"}],"about":[{"href":"https:\/\/elinformanteperu.com\/index.php\/wp-json\/wp\/v2\/types\/post"}],"author":[{"embeddable":true,"href":"https:\/\/elinformanteperu.com\/index.php\/wp-json\/wp\/v2\/users\/1"}],"replies":[{"embeddable":true,"href":"https:\/\/elinformanteperu.com\/index.php\/wp-json\/wp\/v2\/comments?post=31027"}],"version-history":[{"count":3,"href":"https:\/\/elinformanteperu.com\/index.php\/wp-json\/wp\/v2\/posts\/31027\/revisions"}],"predecessor-version":[{"id":31032,"href":"https:\/\/elinformanteperu.com\/index.php\/wp-json\/wp\/v2\/posts\/31027\/revisions\/31032"}],"wp:featuredmedia":[{"embeddable":true,"href":"https:\/\/elinformanteperu.com\/index.php\/wp-json\/wp\/v2\/media\/31031"}],"wp:attachment":[{"href":"https:\/\/elinformanteperu.com\/index.php\/wp-json\/wp\/v2\/media?parent=31027"}],"wp:term":[{"taxonomy":"category","embeddable":true,"href":"https:\/\/elinformanteperu.com\/index.php\/wp-json\/wp\/v2\/categories?post=31027"},{"taxonomy":"post_tag","embeddable":true,"href":"https:\/\/elinformanteperu.com\/index.php\/wp-json\/wp\/v2\/tags?post=31027"}],"curies":[{"name":"wp","href":"https:\/\/api.w.org\/{rel}","templated":true}]}}