{"id":31023,"date":"2018-07-22T14:03:13","date_gmt":"2018-07-22T19:03:13","guid":{"rendered":"http:\/\/elinformanteperu.com\/?p=31023"},"modified":"2018-07-22T14:03:13","modified_gmt":"2018-07-22T19:03:13","slug":"walter-rios-fue-trasladado-al-penal-ancon-i","status":"publish","type":"post","link":"https:\/\/elinformanteperu.com\/index.php\/2018\/07\/22\/walter-rios-fue-trasladado-al-penal-ancon-i\/","title":{"rendered":"Walter R\u00edos fue trasladado al penal Anc\u00f3n I"},"content":{"rendered":"<p><strong><span style=\"color: #000000;\">El expresidente de la Corte de Justicia del Callao, Walter R\u00edos, fue trasladado al penal Anc\u00f3n I donde cumplir\u00e1 18 meses de prisi\u00f3n preventiva.<\/span><\/strong><\/p>\n<p><span style=\"color: #000000;\"><strong>Lima, 22 de Julio 2018, (ANDINA).-<\/strong> El expresidente de la Corte de Justicia del Callao, Walter R\u00edos, fue trasladado al penal Anc\u00f3n I donde cumplir\u00e1 18 meses de prisi\u00f3n preventiva dictada por el juez supremo de investigaci\u00f3n preparatoria Luis Cevallos Vegas.<\/span><\/p>\n<p><span style=\"color: #000000;\">Walter R\u00edos abandon\u00f3 la carceleta del Palacio de Justicia para cumplir su pena privativa de la libertad en el mencionado centro de reclusi\u00f3n, mientras duren las investigaciones de la Fiscal\u00eda por los audios que revelan actos de corrupci\u00f3n y tr\u00e1fico de influencias, as\u00ed como vinculaciones con organizaciones criminales que operan en el Callao.<\/span><\/p>\n<p><span style=\"color: #000000;\">Los delitos atribuidos al detenido expresidente de la Corte Superior del Callao comprenden cohecho pasivo impropio y tr\u00e1fico de influencias.<\/span><\/p>\n<p><span style=\"color: #000000;\">Walter R\u00edos los habr\u00eda cometido al presuntamente pedir prebendas a cambio de influenciar al Consejo Nacional de la Magistratura (CNM) para que apruebe el nombramiento de determinadas personas como fiscales y jueces, sin considerar sus m\u00e9ritos.<\/span><\/p>\n","protected":false},"excerpt":{"rendered":"<p>El expresidente de la Corte de Justicia del Callao, Walter R\u00edos, fue trasladado al penal Anc\u00f3n I donde cumplir\u00e1 18 meses de prisi\u00f3n preventiva. Lima, 22 de Julio 2018, (ANDINA).- El expresidente de la Corte de Justicia del Callao, Walter R\u00edos, fue trasladado al penal Anc\u00f3n I donde cumplir\u00e1 18 meses de prisi\u00f3n preventiva dictada [&hellip;]<\/p>\n","protected":false},"author":1,"featured_media":31025,"comment_status":"open","ping_status":"open","sticky":false,"template":"","format":"standard","meta":{"rop_custom_images_group":[],"rop_custom_messages_group":[],"rop_publish_now":"initial","rop_publish_now_accounts":[],"rop_publish_now_history":[],"rop_publish_now_status":"pending","footnotes":""},"categories":[5],"tags":[163,487,3377],"class_list":["post-31023","post","type-post","status-publish","format-standard","has-post-thumbnail","hentry","category-actualidad-informativa","tag-poder-judicial","tag-poder-judicial-callao","tag-walter-rios-montalvo"],"_links":{"self":[{"href":"https:\/\/elinformanteperu.com\/index.php\/wp-json\/wp\/v2\/posts\/31023","targetHints":{"allow":["GET"]}}],"collection":[{"href":"https:\/\/elinformanteperu.com\/index.php\/wp-json\/wp\/v2\/posts"}],"about":[{"href":"https:\/\/elinformanteperu.com\/index.php\/wp-json\/wp\/v2\/types\/post"}],"author":[{"embeddable":true,"href":"https:\/\/elinformanteperu.com\/index.php\/wp-json\/wp\/v2\/users\/1"}],"replies":[{"embeddable":true,"href":"https:\/\/elinformanteperu.com\/index.php\/wp-json\/wp\/v2\/comments?post=31023"}],"version-history":[{"count":1,"href":"https:\/\/elinformanteperu.com\/index.php\/wp-json\/wp\/v2\/posts\/31023\/revisions"}],"predecessor-version":[{"id":31026,"href":"https:\/\/elinformanteperu.com\/index.php\/wp-json\/wp\/v2\/posts\/31023\/revisions\/31026"}],"wp:featuredmedia":[{"embeddable":true,"href":"https:\/\/elinformanteperu.com\/index.php\/wp-json\/wp\/v2\/media\/31025"}],"wp:attachment":[{"href":"https:\/\/elinformanteperu.com\/index.php\/wp-json\/wp\/v2\/media?parent=31023"}],"wp:term":[{"taxonomy":"category","embeddable":true,"href":"https:\/\/elinformanteperu.com\/index.php\/wp-json\/wp\/v2\/categories?post=31023"},{"taxonomy":"post_tag","embeddable":true,"href":"https:\/\/elinformanteperu.com\/index.php\/wp-json\/wp\/v2\/tags?post=31023"}],"curies":[{"name":"wp","href":"https:\/\/api.w.org\/{rel}","templated":true}]}}